{"id":9549,"date":"2026-04-22T11:43:07","date_gmt":"2026-04-22T11:43:07","guid":{"rendered":"http:\/\/canserrat.org\/?p=9549"},"modified":"2026-04-22T11:43:07","modified_gmt":"2026-04-22T11:43:07","slug":"espanol-fabian-mauricio-martinez","status":"publish","type":"post","link":"https:\/\/canserrat.org\/es\/espanol-fabian-mauricio-martinez","title":{"rendered":"Fabi\u00e1n Mauricio Mart\u00ednez"},"content":{"rendered":"<img decoding=\"async\" loading=\"lazy\" class=\"size-medium wp-image-9550 aligncenter\" src=\"http:\/\/canserrat.org\/wp-content\/uploads\/2026\/04\/Fabian-Mauricio-Martinez-Gonzalez-300x300.jpg\" alt=\"\" width=\"300\" height=\"300\" srcset=\"https:\/\/canserrat.org\/wp-content\/uploads\/2026\/04\/Fabian-Mauricio-Martinez-Gonzalez-300x300.jpg 300w, https:\/\/canserrat.org\/wp-content\/uploads\/2026\/04\/Fabian-Mauricio-Martinez-Gonzalez-150x150.jpg 150w, https:\/\/canserrat.org\/wp-content\/uploads\/2026\/04\/Fabian-Mauricio-Martinez-Gonzalez-365x365.jpg 365w, https:\/\/canserrat.org\/wp-content\/uploads\/2026\/04\/Fabian-Mauricio-Martinez-Gonzalez.jpg 602w\" sizes=\"(max-width: 300px) 100vw, 300px\" \/><\/p>\n<p>&nbsp;<\/p>\n<p>Fabi\u00e1n escritor y periodista colombiano. Autor de los libros Cuentos de lo raro (2024), El encanto podrido de Bogot\u00e1 (2021), El sexo de las salamandras (2015),Cuervos en la ventana (2013), Una ciudad llamada Bucaranada (2010) y Me llamo Jos\u00e9 Antonio Gal\u00e1n (2010). En 2023 fue seleccionado para la Residencia de Escritura de Can Serrat, en El Bruc, Catalu\u00f1a, Espa\u00f1a. En 2020 recibi\u00f3 el Premio Nacional de Libro de Cuento de la UIS y el Premio de Cr\u00f3nica Ciudad de Bogot\u00e1. En 2017 fue seleccionado por la Fundaci\u00f3n Gabo como ganador de la beca de Periodismo Cultural Gabriel Garc\u00eda M\u00e1rquez, y en 2015 obtuvo el Premio de Novela de la Gobernaci\u00f3n de Santander. En 2012 gan\u00f3 el Premio de Cuento de la Gobernaci\u00f3n de Cundinamarca y en 2008, el Premio Nacional de Cuento RCN-MEN. Es Mag\u00edster en Periodismo de la Universidad de Los Andes, Licenciado en Espa\u00f1ol y Literatura de la UIS y docente de la Maestr\u00eda en Creaci\u00f3n Literaria de la Universidad Central.<\/p>\n<p>&nbsp;<\/p>\n<p>Fabi\u00e1n har\u00e1 su residencia en junio de 2026.","protected":false},"excerpt":{"rendered":"<p>&nbsp; Fabi\u00e1n escritor y periodista colombiano. Autor de los libros Cuentos de lo raro (2024), El encanto podrido de Bogot\u00e1 (2021), El sexo de las salamandras (2015),Cuervos en la ventana (2013), Una ciudad llamada Bucaranada (2010) y Me llamo Jos\u00e9 &hellip; <a href=\"https:\/\/canserrat.org\/es\/espanol-fabian-mauricio-martinez\">Continuar<\/a><\/p>\n","protected":false},"author":8,"featured_media":9550,"comment_status":"closed","ping_status":"closed","sticky":false,"template":"","format":"standard","meta":{"_monsterinsights_skip_tracking":false,"_monsterinsights_sitenote_active":false,"_monsterinsights_sitenote_note":"","_monsterinsights_sitenote_category":0,"footnotes":""},"categories":[10,74],"tags":[],"_links":{"self":[{"href":"https:\/\/canserrat.org\/es\/wp-json\/wp\/v2\/posts\/9549"}],"collection":[{"href":"https:\/\/canserrat.org\/es\/wp-json\/wp\/v2\/posts"}],"about":[{"href":"https:\/\/canserrat.org\/es\/wp-json\/wp\/v2\/types\/post"}],"author":[{"embeddable":true,"href":"https:\/\/canserrat.org\/es\/wp-json\/wp\/v2\/users\/8"}],"replies":[{"embeddable":true,"href":"https:\/\/canserrat.org\/es\/wp-json\/wp\/v2\/comments?post=9549"}],"version-history":[{"count":1,"href":"https:\/\/canserrat.org\/es\/wp-json\/wp\/v2\/posts\/9549\/revisions"}],"predecessor-version":[{"id":9551,"href":"https:\/\/canserrat.org\/es\/wp-json\/wp\/v2\/posts\/9549\/revisions\/9551"}],"wp:featuredmedia":[{"embeddable":true,"href":"https:\/\/canserrat.org\/es\/wp-json\/wp\/v2\/media\/9550"}],"wp:attachment":[{"href":"https:\/\/canserrat.org\/es\/wp-json\/wp\/v2\/media?parent=9549"}],"wp:term":[{"taxonomy":"category","embeddable":true,"href":"https:\/\/canserrat.org\/es\/wp-json\/wp\/v2\/categories?post=9549"},{"taxonomy":"post_tag","embeddable":true,"href":"https:\/\/canserrat.org\/es\/wp-json\/wp\/v2\/tags?post=9549"}],"curies":[{"name":"wp","href":"https:\/\/api.w.org\/{rel}","templated":true}]}}