{"id":8989,"date":"2025-07-10T10:48:16","date_gmt":"2025-07-10T10:48:16","guid":{"rendered":"https:\/\/canserrat.org\/?p=8989"},"modified":"2025-10-07T13:00:15","modified_gmt":"2025-10-07T13:00:15","slug":"paula-santa-vicente-perez","status":"publish","type":"post","link":"https:\/\/canserrat.org\/es\/paula-santa-vicente-perez","title":{"rendered":"Paula Santa Vicente P\u00e9rez"},"content":{"rendered":"<img decoding=\"async\" loading=\"lazy\" class=\"size-medium wp-image-8990 aligncenter\" src=\"http:\/\/canserrat.org\/wp-content\/uploads\/2025\/07\/Imagen-de-WhatsApp-2025-02-07-a-las-20.17.05_63b5900f-paula-santa-vicente-perez-169x300.jpg\" alt=\"\" width=\"169\" height=\"300\" srcset=\"https:\/\/canserrat.org\/wp-content\/uploads\/2025\/07\/Imagen-de-WhatsApp-2025-02-07-a-las-20.17.05_63b5900f-paula-santa-vicente-perez-169x300.jpg 169w, https:\/\/canserrat.org\/wp-content\/uploads\/2025\/07\/Imagen-de-WhatsApp-2025-02-07-a-las-20.17.05_63b5900f-paula-santa-vicente-perez-576x1024.jpg 576w, https:\/\/canserrat.org\/wp-content\/uploads\/2025\/07\/Imagen-de-WhatsApp-2025-02-07-a-las-20.17.05_63b5900f-paula-santa-vicente-perez-864x1536.jpg 864w, https:\/\/canserrat.org\/wp-content\/uploads\/2025\/07\/Imagen-de-WhatsApp-2025-02-07-a-las-20.17.05_63b5900f-paula-santa-vicente-perez.jpg 1152w\" sizes=\"(max-width: 169px) 100vw, 169px\" \/><\/p>\n<p>&nbsp;<\/p>\n<p data-start=\"1174\" data-end=\"1543\">Paula Santa Vicente P\u00e9rez debe parte de su nombre a su bisabuela, a quien nunca conoci\u00f3 pero que su madre quer\u00eda profundamente. Naci\u00f3 en Salamanca y all\u00ed estudi\u00f3 hasta que sinti\u00f3 el deseo de encontrar independencia y beber t\u00e9. Vivi\u00f3 el tiempo suficiente en la Isla Esmeralda como para que su familia empezara a llamarla \u201cla irlandesa\u201d. Despu\u00e9s volvi\u00f3 a su ciudad natal.<\/p>\n<p data-start=\"1545\" data-end=\"1764\">Siente una fuerte conexi\u00f3n con el mar, y cada vez que llega a una costa, esta le pide que se quede. Le gusta el olor a sal y vivir tierra adentro. Siempre viste de color lila, un tono con el que se identifica y convive.<\/p>\n<p data-start=\"1766\" data-end=\"2020\">Tiene una hermana gemela que, si escribiera una biograf\u00eda como esta, no podr\u00eda mencionar nombres, islas, mares, colores ni animales. Paula escribe, en parte, por eso: para dejar constancia de que, a pesar del parecido f\u00edsico, son completamente distintas.<\/p>\n<p data-start=\"2022\" data-end=\"2095\">Se pueden leer m\u00e1s de sus escritos en el perfil de Instagram @relatos.qwe<\/p>\n<p data-start=\"2097\" data-end=\"2162\">Paula Santa har\u00e1 su residencia durante el mes de agosto del 2025.<\/p>","protected":false},"excerpt":{"rendered":"<p>&nbsp; Paula Santa Vicente P\u00e9rez debe parte de su nombre a su bisabuela, a quien nunca conoci\u00f3 pero que su madre quer\u00eda profundamente. Naci\u00f3 en Salamanca y all\u00ed estudi\u00f3 hasta que sinti\u00f3 el deseo de encontrar independencia y beber t\u00e9. &hellip; <a href=\"https:\/\/canserrat.org\/es\/paula-santa-vicente-perez\">Continuar<\/a><\/p>\n","protected":false},"author":4,"featured_media":8990,"comment_status":"closed","ping_status":"closed","sticky":false,"template":"","format":"standard","meta":{"_monsterinsights_skip_tracking":false,"_monsterinsights_sitenote_active":false,"_monsterinsights_sitenote_note":"","_monsterinsights_sitenote_category":0,"footnotes":""},"categories":[10,11],"tags":[],"_links":{"self":[{"href":"https:\/\/canserrat.org\/es\/wp-json\/wp\/v2\/posts\/8989"}],"collection":[{"href":"https:\/\/canserrat.org\/es\/wp-json\/wp\/v2\/posts"}],"about":[{"href":"https:\/\/canserrat.org\/es\/wp-json\/wp\/v2\/types\/post"}],"author":[{"embeddable":true,"href":"https:\/\/canserrat.org\/es\/wp-json\/wp\/v2\/users\/4"}],"replies":[{"embeddable":true,"href":"https:\/\/canserrat.org\/es\/wp-json\/wp\/v2\/comments?post=8989"}],"version-history":[{"count":1,"href":"https:\/\/canserrat.org\/es\/wp-json\/wp\/v2\/posts\/8989\/revisions"}],"predecessor-version":[{"id":8991,"href":"https:\/\/canserrat.org\/es\/wp-json\/wp\/v2\/posts\/8989\/revisions\/8991"}],"wp:featuredmedia":[{"embeddable":true,"href":"https:\/\/canserrat.org\/es\/wp-json\/wp\/v2\/media\/8990"}],"wp:attachment":[{"href":"https:\/\/canserrat.org\/es\/wp-json\/wp\/v2\/media?parent=8989"}],"wp:term":[{"taxonomy":"category","embeddable":true,"href":"https:\/\/canserrat.org\/es\/wp-json\/wp\/v2\/categories?post=8989"},{"taxonomy":"post_tag","embeddable":true,"href":"https:\/\/canserrat.org\/es\/wp-json\/wp\/v2\/tags?post=8989"}],"curies":[{"name":"wp","href":"https:\/\/api.w.org\/{rel}","templated":true}]}}