{"id":8292,"date":"2024-08-08T09:38:09","date_gmt":"2024-08-08T09:38:09","guid":{"rendered":"https:\/\/canserrat.org\/?p=8292"},"modified":"2025-06-09T12:39:47","modified_gmt":"2025-06-09T12:39:47","slug":"emma-rocosa-alvarez","status":"publish","type":"post","link":"https:\/\/canserrat.org\/es\/emma-rocosa-alvarez","title":{"rendered":"Emma Rocosa Alvarez"},"content":{"rendered":"<img decoding=\"async\" loading=\"lazy\" class=\"size-medium wp-image-8293 aligncenter\" src=\"http:\/\/canserrat.org\/wp-content\/uploads\/2024\/08\/IMG_20220602_185350-Emma-Rocosa-195x300.jpg\" alt=\"\" width=\"195\" height=\"300\" srcset=\"https:\/\/canserrat.org\/wp-content\/uploads\/2024\/08\/IMG_20220602_185350-Emma-Rocosa-195x300.jpg 195w, https:\/\/canserrat.org\/wp-content\/uploads\/2024\/08\/IMG_20220602_185350-Emma-Rocosa-666x1024.jpg 666w, https:\/\/canserrat.org\/wp-content\/uploads\/2024\/08\/IMG_20220602_185350-Emma-Rocosa-520x800.jpg 520w, https:\/\/canserrat.org\/wp-content\/uploads\/2024\/08\/IMG_20220602_185350-Emma-Rocosa-260x400.jpg 260w, https:\/\/canserrat.org\/wp-content\/uploads\/2024\/08\/IMG_20220602_185350-Emma-Rocosa.jpg 764w\" sizes=\"(max-width: 195px) 100vw, 195px\" \/><\/p>\n<p>&nbsp;<\/p>\n<p>Emma Rocosa (1997) siempre ha tenido curiosidad por todo lo que tiene que ver con la esencia humana. Un tiempo despu\u00e9s de haber estudiado un Grado en Humanidades en la UPF, redescubre lo que ha aprendido en el \u00e1mbito acad\u00e9mico a partir de v\u00edas emp\u00edricas. A trav\u00e9s de su estancia en Can Serrat busca acercarse al mundo de los creadores y convertir el &#8216;desconocimiento&#8217; propio de quien se inicia en un terreno f\u00e9rtil sin prejuicios que ofrezca nuevas posibilidades.<\/p>\n<p>Emma hace su residencia en Can Serrat en agosto de 2024.<\/p>\n<p>&nbsp;<\/p>\n<p><b>Sobre su proceso de trabajo en la residencia &gt;&gt;&gt;<\/b><\/p>\n<iframe src=\"\/\/docs.google.com\/viewer?url=http%3A%2F%2Fcanserrat.org%2Fwp-content%2Fuploads%2F2024%2F08%2FROCOSA_EMMA_CHECKPOINT_2024-Emma-Rocosa.pdf&hl=es&embedded=true\" class=\"gde-frame\" style=\"width:100%; height:500px; border: none;\" scrolling=\"no\"><\/iframe>\n<p class=\"gde-text\"><a href=\"http:\/\/canserrat.org\/wp-content\/uploads\/2024\/08\/ROCOSA_EMMA_CHECKPOINT_2024-Emma-Rocosa.pdf\" class=\"gde-link\">Descargar (PDF, 55KB)<\/a><\/p>","protected":false},"excerpt":{"rendered":"<p>&nbsp; Emma Rocosa (1997) siempre ha tenido curiosidad por todo lo que tiene que ver con la esencia humana. Un tiempo despu\u00e9s de haber estudiado un Grado en Humanidades en la UPF, redescubre lo que ha aprendido en el \u00e1mbito &hellip; <a href=\"https:\/\/canserrat.org\/es\/emma-rocosa-alvarez\">Continuar<\/a><\/p>\n","protected":false},"author":4,"featured_media":8293,"comment_status":"closed","ping_status":"closed","sticky":false,"template":"","format":"standard","meta":{"_monsterinsights_skip_tracking":false,"_monsterinsights_sitenote_active":false,"_monsterinsights_sitenote_note":"","_monsterinsights_sitenote_category":0,"footnotes":""},"categories":[10,11],"tags":[],"_links":{"self":[{"href":"https:\/\/canserrat.org\/es\/wp-json\/wp\/v2\/posts\/8292"}],"collection":[{"href":"https:\/\/canserrat.org\/es\/wp-json\/wp\/v2\/posts"}],"about":[{"href":"https:\/\/canserrat.org\/es\/wp-json\/wp\/v2\/types\/post"}],"author":[{"embeddable":true,"href":"https:\/\/canserrat.org\/es\/wp-json\/wp\/v2\/users\/4"}],"replies":[{"embeddable":true,"href":"https:\/\/canserrat.org\/es\/wp-json\/wp\/v2\/comments?post=8292"}],"version-history":[{"count":2,"href":"https:\/\/canserrat.org\/es\/wp-json\/wp\/v2\/posts\/8292\/revisions"}],"predecessor-version":[{"id":8847,"href":"https:\/\/canserrat.org\/es\/wp-json\/wp\/v2\/posts\/8292\/revisions\/8847"}],"wp:featuredmedia":[{"embeddable":true,"href":"https:\/\/canserrat.org\/es\/wp-json\/wp\/v2\/media\/8293"}],"wp:attachment":[{"href":"https:\/\/canserrat.org\/es\/wp-json\/wp\/v2\/media?parent=8292"}],"wp:term":[{"taxonomy":"category","embeddable":true,"href":"https:\/\/canserrat.org\/es\/wp-json\/wp\/v2\/categories?post=8292"},{"taxonomy":"post_tag","embeddable":true,"href":"https:\/\/canserrat.org\/es\/wp-json\/wp\/v2\/tags?post=8292"}],"curies":[{"name":"wp","href":"https:\/\/api.w.org\/{rel}","templated":true}]}}