{"id":8218,"date":"2024-05-06T09:13:44","date_gmt":"2024-05-06T09:13:44","guid":{"rendered":"https:\/\/canserrat.org\/?p=8218"},"modified":"2024-06-03T09:41:16","modified_gmt":"2024-06-03T09:41:16","slug":"emilia-lopez","status":"publish","type":"post","link":"https:\/\/canserrat.org\/es\/emilia-lopez","title":{"rendered":"Emilia Lopez"},"content":{"rendered":"<img decoding=\"async\" loading=\"lazy\" class=\"size-medium wp-image-8219 aligncenter\" src=\"http:\/\/canserrat.org\/wp-content\/uploads\/2024\/05\/Emilia_lopez-Emilia-Lopez-206x300.jpg\" alt=\"\" width=\"206\" height=\"300\" srcset=\"https:\/\/canserrat.org\/wp-content\/uploads\/2024\/05\/Emilia_lopez-Emilia-Lopez-206x300.jpg 206w, https:\/\/canserrat.org\/wp-content\/uploads\/2024\/05\/Emilia_lopez-Emilia-Lopez-705x1024.jpg 705w, https:\/\/canserrat.org\/wp-content\/uploads\/2024\/05\/Emilia_lopez-Emilia-Lopez-1057x1536.jpg 1057w, https:\/\/canserrat.org\/wp-content\/uploads\/2024\/05\/Emilia_lopez-Emilia-Lopez-550x800.jpg 550w, https:\/\/canserrat.org\/wp-content\/uploads\/2024\/05\/Emilia_lopez-Emilia-Lopez-275x400.jpg 275w, https:\/\/canserrat.org\/wp-content\/uploads\/2024\/05\/Emilia_lopez-Emilia-Lopez.jpg 1084w\" sizes=\"(max-width: 206px) 100vw, 206px\" \/><\/p>\n<p>&nbsp;<\/p>\n<p><span data-sheets-root=\"1\" data-sheets-value=\"{&quot;1&quot;:2,&quot;2&quot;:&quot;Es documentalista y editora de cine. En sus primeras filmaciones encontr\u00f3 que se generaba una relaci\u00f3n mas profunda con los personajes de la pel\u00edcula si compart\u00eda algo de su mundo. Compartiendo algunas practicas art\u00edsticas que conoc\u00eda de sus estudios en la universidad, comenz\u00f3 una propuesta para producir obras art\u00edsticas construidas colectivamente, en donde se reflexiona desde el arte en temas de inter\u00e9s comunitario. A lo largo de 10 a\u00f1os estas piezas han fortalecido los v\u00ednculos afectivos y la identidad de una gran diversidad de comunidades en M\u00e9xico. Priorizando los espacios locales de exhibici\u00f3n como son fiestas patronales, festivales y centros culturales locales, expandiendo a lo comunitario el concepto formal de museo o galer\u00eda. \\nDebido a la pandemia reconfigura su producci\u00f3n; esta vez son las plantas, las levaduras y el suelo de su jard\u00edn quienes conformaron su comunidad. Entender, cuidar y reproducir la vida (no exclusivamente humana) ha sido desde entonces el detonante de sus estudios y obra. \\n&quot;}\" data-sheets-userformat=\"{&quot;2&quot;:513,&quot;3&quot;:{&quot;1&quot;:0},&quot;12&quot;:0}\">Es documentalista y editora de cine. En sus primeras filmaciones encontr\u00f3 que se generaba una relaci\u00f3n mas profunda con los personajes de la pel\u00edcula si compart\u00eda algo de su mundo. Compartiendo algunas practicas art\u00edsticas que conoc\u00eda de sus estudios en la universidad, comenz\u00f3 una propuesta para producir obras art\u00edsticas construidas colectivamente, en donde se reflexiona desde el arte en temas de inter\u00e9s comunitario. A lo largo de 10 a\u00f1os estas piezas han fortalecido los v\u00ednculos afectivos y la identidad de una gran diversidad de comunidades en M\u00e9xico. Priorizando los espacios locales de exhibici\u00f3n como son fiestas patronales, festivales y centros culturales locales, expandiendo a lo comunitario el concepto formal de museo o galer\u00eda.<br \/>\nDebido a la pandemia reconfigura su producci\u00f3n; esta vez son las plantas, las levaduras y el suelo de su jard\u00edn quienes conformaron su comunidad. Entender, cuidar y reproducir la vida (no exclusivamente humana) ha sido desde entonces el detonante de sus estudios y obra.<\/span><\/p>\n<p>Emilia hace su residencia en Can Serrat durante Mayo de 2024.","protected":false},"excerpt":{"rendered":"<p>&nbsp; Es documentalista y editora de cine. En sus primeras filmaciones encontr\u00f3 que se generaba una relaci\u00f3n mas profunda con los personajes de la pel\u00edcula si compart\u00eda algo de su mundo. Compartiendo algunas practicas art\u00edsticas que conoc\u00eda de sus estudios &hellip; <a href=\"https:\/\/canserrat.org\/es\/emilia-lopez\">Continuar<\/a><\/p>\n","protected":false},"author":4,"featured_media":8219,"comment_status":"closed","ping_status":"closed","sticky":false,"template":"","format":"standard","meta":{"_monsterinsights_skip_tracking":false,"_monsterinsights_sitenote_active":false,"_monsterinsights_sitenote_note":"","_monsterinsights_sitenote_category":0,"footnotes":""},"categories":[10,11],"tags":[],"_links":{"self":[{"href":"https:\/\/canserrat.org\/es\/wp-json\/wp\/v2\/posts\/8218"}],"collection":[{"href":"https:\/\/canserrat.org\/es\/wp-json\/wp\/v2\/posts"}],"about":[{"href":"https:\/\/canserrat.org\/es\/wp-json\/wp\/v2\/types\/post"}],"author":[{"embeddable":true,"href":"https:\/\/canserrat.org\/es\/wp-json\/wp\/v2\/users\/4"}],"replies":[{"embeddable":true,"href":"https:\/\/canserrat.org\/es\/wp-json\/wp\/v2\/comments?post=8218"}],"version-history":[{"count":1,"href":"https:\/\/canserrat.org\/es\/wp-json\/wp\/v2\/posts\/8218\/revisions"}],"predecessor-version":[{"id":8220,"href":"https:\/\/canserrat.org\/es\/wp-json\/wp\/v2\/posts\/8218\/revisions\/8220"}],"wp:featuredmedia":[{"embeddable":true,"href":"https:\/\/canserrat.org\/es\/wp-json\/wp\/v2\/media\/8219"}],"wp:attachment":[{"href":"https:\/\/canserrat.org\/es\/wp-json\/wp\/v2\/media?parent=8218"}],"wp:term":[{"taxonomy":"category","embeddable":true,"href":"https:\/\/canserrat.org\/es\/wp-json\/wp\/v2\/categories?post=8218"},{"taxonomy":"post_tag","embeddable":true,"href":"https:\/\/canserrat.org\/es\/wp-json\/wp\/v2\/tags?post=8218"}],"curies":[{"name":"wp","href":"https:\/\/api.w.org\/{rel}","templated":true}]}}