{"id":8194,"date":"2024-04-24T10:18:30","date_gmt":"2024-04-24T10:18:30","guid":{"rendered":"https:\/\/canserrat.org\/?p=8194"},"modified":"2024-04-24T10:18:30","modified_gmt":"2024-04-24T10:18:30","slug":"call-result__collective-creation-2025","status":"publish","type":"post","link":"https:\/\/canserrat.org\/es\/call-result__collective-creation-2025","title":{"rendered":"RESULTADO CONVOCATORIA__Creaci\u00f3n Colectiva 2025"},"content":{"rendered":"<div class=\"tlid-input input\">\n<div class=\"source-wrap\">\n<div class=\"input-full-height-wrapper tlid-input-full-height-wrapper\">\n<div class=\"source-input\">\n<div class=\"source-footer-wrap source-or-target-footer\">\n<div class=\"character-count tlid-character-count\">\n<p>&nbsp;<\/p>\n<p>En el marco de este jurado, se recibieron muchas solicitudes de escritores y artistas de todo el mundo y un gran n\u00famero de ellas eran de una calidad impresionante. El jurado ha disfrutado mucho de todos los proyectos presentados y, una vez m\u00e1s, ha sido un reto hacer una selecci\u00f3n. Tras pasar horas debatiendo, han sido seleccionadas 20 propuestas para integrar el programa de residencia. El jurado tuvo mucho cura en invitar a proyectos que fueran espec\u00edficamente relevantes para el contexto de Can Serrat.<\/p>\n<p>&nbsp;<\/p>\n<\/div>\n<\/div>\n<\/div>\n<\/div>\n<\/div>\n<\/div>\n<div>\n<p><strong>Jurado:<\/strong><\/p>\n<p>Paola Caballero Daza_Gestora cultural y directora de la fundaci\u00f3n <a href=\"https:\/\/guionbajo.org\/\" target=\"_blank\" rel=\"noopener\">guion_bajo<\/a><\/p>\n<p>Sarah Goodchild Robb_Coordinadora de residentes y encargada de communicaci\u00f3n (voz sin voto).<\/p>\n<\/div>\n<div>\n<p>&nbsp;<\/p>\n<p><strong>INVITACI\u00d3N PARCIAL &#8212;<\/strong><\/p>\n<p style=\"padding-left: 120px;\"><span style=\"color: #008000;\"><strong>Vivian Abenshushan<\/strong><\/span><\/p>\n<p style=\"padding-left: 120px;\"><span style=\"color: #008000;\"><strong>Klimka Ionah Bat Nuur-Maikov<\/strong><\/span><\/p>\n<p style=\"padding-left: 120px;\"><span style=\"color: #008000;\"><strong>Karl Jansen Guti\u00e9rrez<\/strong><\/span><\/p>\n<p style=\"padding-left: 120px;\"><span style=\"color: #008000;\"><strong>Luisa Manci\u00e1<\/strong><\/span><\/p>\n<p style=\"padding-left: 120px;\"><span style=\"color: #008000;\"><strong>Marina Garcia Andreu<\/strong><\/span><\/p>\n<p style=\"padding-left: 120px;\"><span style=\"color: #008000;\"><strong>Jimena Blanco Jalil<\/strong><\/span><\/p>\n<p style=\"padding-left: 120px;\"><span style=\"color: #008000;\"><strong>Florencia Di Paolo<\/strong><\/span><\/p>\n<p style=\"padding-left: 120px;\"><span style=\"color: #008000;\"><strong>Eliana Hern\u00e1ndez<\/strong><\/span><\/p>\n<p style=\"padding-left: 120px;\"><span style=\"color: #008000;\"><strong>Teresa Gubern<\/strong><\/span><\/p>\n<p style=\"padding-left: 120px;\"><span style=\"color: #008000;\"><strong>Nadia Gonz\u00e1lez-Barr\u00eda<\/strong><\/span><\/p>\n<p style=\"padding-left: 120px;\"><span style=\"color: #008000;\"><strong>Laia Borr\u00e0s Herv\u00e0s<\/strong><\/span><\/p>\n<p style=\"padding-left: 120px;\"><span style=\"color: #008000;\"><strong>Adela Vidal<\/strong><\/span><\/p>\n<p style=\"padding-left: 120px;\"><span style=\"color: #008000;\"><strong>Julieta Rosell<\/strong><\/span><\/p>\n<p style=\"padding-left: 120px;\"><span style=\"color: #008000;\"><strong>Alejandra Arreola<\/strong><\/span><\/p>\n<p style=\"padding-left: 120px;\"><span style=\"color: #008000;\"><strong>Ana Bar\u00f3n Montero de Espinosa<\/strong><\/span><\/p>\n<p style=\"padding-left: 120px;\"><span style=\"color: #008000;\"><strong>Freja Ima Beck Iassen<\/strong><\/span><\/p>\n<p style=\"padding-left: 120px;\"><span style=\"color: #008000;\"><strong>Sofia Gil de Biedma<\/strong><\/span><\/p>\n<p style=\"padding-left: 120px;\"><span style=\"color: #008000;\"><strong>Carla Arcos<\/strong><\/span><\/p>\n<p style=\"padding-left: 120px;\"><span style=\"color: #008000;\"><strong>Maria Esteve<\/strong><\/span><\/p>\n<p style=\"padding-left: 120px;\"><span style=\"color: #008000;\"><strong>P\u00eda Carrillo<\/strong><\/span><\/p>\n<p>&nbsp;<\/p>\n<\/div>\n<p>*Sabemos que es muy dif\u00edcil generar espacios de cuidado dentro de una convocatoria, pero queremos agradecer, de todo coraz\u00f3n, a todas las personas que nos han hecho llegar sus propuestas. Ha sido un placer leerlas, adentrarse en sus pr\u00e1cticas y entrar en contacto con ellas.","protected":false},"excerpt":{"rendered":"<p>&nbsp; En el marco de este jurado, se recibieron muchas solicitudes de escritores y artistas de todo el mundo y un gran n\u00famero de ellas eran de una calidad impresionante. El jurado ha disfrutado mucho de todos los proyectos presentados &hellip; <a href=\"https:\/\/canserrat.org\/es\/call-result__collective-creation-2025\">Continuar<\/a><\/p>\n","protected":false},"author":4,"featured_media":8195,"comment_status":"closed","ping_status":"closed","sticky":false,"template":"","format":"standard","meta":{"_monsterinsights_skip_tracking":false,"_monsterinsights_sitenote_active":false,"_monsterinsights_sitenote_note":"","_monsterinsights_sitenote_category":0,"footnotes":""},"categories":[22,71,37],"tags":[],"_links":{"self":[{"href":"https:\/\/canserrat.org\/es\/wp-json\/wp\/v2\/posts\/8194"}],"collection":[{"href":"https:\/\/canserrat.org\/es\/wp-json\/wp\/v2\/posts"}],"about":[{"href":"https:\/\/canserrat.org\/es\/wp-json\/wp\/v2\/types\/post"}],"author":[{"embeddable":true,"href":"https:\/\/canserrat.org\/es\/wp-json\/wp\/v2\/users\/4"}],"replies":[{"embeddable":true,"href":"https:\/\/canserrat.org\/es\/wp-json\/wp\/v2\/comments?post=8194"}],"version-history":[{"count":1,"href":"https:\/\/canserrat.org\/es\/wp-json\/wp\/v2\/posts\/8194\/revisions"}],"predecessor-version":[{"id":8196,"href":"https:\/\/canserrat.org\/es\/wp-json\/wp\/v2\/posts\/8194\/revisions\/8196"}],"wp:featuredmedia":[{"embeddable":true,"href":"https:\/\/canserrat.org\/es\/wp-json\/wp\/v2\/media\/8195"}],"wp:attachment":[{"href":"https:\/\/canserrat.org\/es\/wp-json\/wp\/v2\/media?parent=8194"}],"wp:term":[{"taxonomy":"category","embeddable":true,"href":"https:\/\/canserrat.org\/es\/wp-json\/wp\/v2\/categories?post=8194"},{"taxonomy":"post_tag","embeddable":true,"href":"https:\/\/canserrat.org\/es\/wp-json\/wp\/v2\/tags?post=8194"}],"curies":[{"name":"wp","href":"https:\/\/api.w.org\/{rel}","templated":true}]}}