{"id":7970,"date":"2024-01-26T10:36:14","date_gmt":"2024-01-26T10:36:14","guid":{"rendered":"https:\/\/canserrat.org\/?p=7970"},"modified":"2024-05-06T08:43:28","modified_gmt":"2024-05-06T08:43:28","slug":"laura-lumi","status":"publish","type":"post","link":"https:\/\/canserrat.org\/es\/laura-lumi","title":{"rendered":"Laura Lumi"},"content":{"rendered":"<img decoding=\"async\" loading=\"lazy\" class=\"size-medium wp-image-7971 aligncenter\" src=\"http:\/\/canserrat.org\/wp-content\/uploads\/2024\/01\/1611603803311-Laura-lumi-300x300.jpeg\" alt=\"\" width=\"300\" height=\"300\" srcset=\"https:\/\/canserrat.org\/wp-content\/uploads\/2024\/01\/1611603803311-Laura-lumi-300x300.jpeg 300w, https:\/\/canserrat.org\/wp-content\/uploads\/2024\/01\/1611603803311-Laura-lumi-150x150.jpeg 150w, https:\/\/canserrat.org\/wp-content\/uploads\/2024\/01\/1611603803311-Laura-lumi-730x730.jpeg 730w, https:\/\/canserrat.org\/wp-content\/uploads\/2024\/01\/1611603803311-Laura-lumi-365x365.jpeg 365w, https:\/\/canserrat.org\/wp-content\/uploads\/2024\/01\/1611603803311-Laura-lumi-540x540.jpeg 540w, https:\/\/canserrat.org\/wp-content\/uploads\/2024\/01\/1611603803311-Laura-lumi-270x270.jpeg 270w, https:\/\/canserrat.org\/wp-content\/uploads\/2024\/01\/1611603803311-Laura-lumi.jpeg 800w, https:\/\/canserrat.org\/wp-content\/uploads\/2024\/01\/1611603803311-Laura-lumi-400x400.jpeg 400w\" sizes=\"(max-width: 300px) 100vw, 300px\" \/><\/p>\n<p>&nbsp;<\/p>\n<p><span data-sheets-root=\"1\" data-sheets-value=\"{&quot;1&quot;:2,&quot;2&quot;:&quot;Naci\u0301 y vivo en Buenos Aires. Soy artista visual y licenciada en Cs. de la Educacio\u0301n (UBA). Trabajo como productora y realizadora arti\u0301stica en el estudio de arte de Toma\u0301s Saraceno desde el 2020; como investigadora y desarrolladora en Biomi\u0301mesis Argentina, y como docente de arte y tecnologi\u0301a en Laboratorio Flexible. Actualmente participo de la Residencia de arte (PAC) de la galeri\u0301a Gachi Prieto (CABA) y hago taller de escultura y cl\u00ednica de obra con Luis Ter\u00e1n. Durante el 2022, realic\u00e9 la residencia para artista de la galer\u00eda CRUDO (Rosario, Santa Fe). Estudie\u0301 artes visuales en la UNA y me forme\u0301 con Marina de Caro, Ine\u0301s Raiteri, Eduardo Stupi\u0301a (UTDT), Vali Guidalevich (UTDT) y Georgina Gluzman (UDESA). En cuanto al bioarte, realice\u0301 el posgrado de BioObjetos en FADU (UBA) y talleres de biomateriales (biopla\u0301sticos, biohilos y biotextiles) con Carolina Etchevers y Laura Messing.&quot;}\" data-sheets-userformat=\"{&quot;2&quot;:513,&quot;3&quot;:{&quot;1&quot;:0},&quot;12&quot;:0}\">Nacio y vive en Buenos Aires. Es una artista visual y licenciada en Cs. de la Educacio\u0301n (UBA). Trabaja como productora y realizadora arti\u0301stica en el estudio de arte de Toma\u0301s Saraceno desde el 2020; como investigadora y desarrolladora en Biomi\u0301mesis Argentina, y como docente de arte y tecnologi\u0301a en Laboratorio Flexible, actualmente Laura participa de la Residencia de arte (PAC) de la galeri\u0301a Gachi Prieto (CABA) y hac\u00e9 taller de escultura y cl\u00ednica de obra con Luis Ter\u00e1n. Durante el 2022, realizo la residencia para artista de la galer\u00eda CRUDO (Rosario, Santa Fe). Estudi\u00f3 artes visuales en la UNA y se formo con Marina de Caro, Ine\u0301s Raiteri, Eduardo Stupi\u0301a (UTDT), Vali Guidalevich (UTDT) y Georgina Gluzman (UDESA). En cuanto al bioarte, realiz\u00f3 el posgrado de BioObjetos en FADU (UBA) y talleres de biomateriales (biopla\u0301sticos, biohilos y biotextiles) con Carolina Etchevers y Laura Messing.<\/span><\/p>\n<p>Laura hace su residencia en Can Serrat durante enero-febrero de 2024.","protected":false},"excerpt":{"rendered":"<p>&nbsp; Nacio y vive en Buenos Aires. Es una artista visual y licenciada en Cs. de la Educacio\u0301n (UBA). Trabaja como productora y realizadora arti\u0301stica en el estudio de arte de Toma\u0301s Saraceno desde el 2020; como investigadora y desarrolladora &hellip; <a href=\"https:\/\/canserrat.org\/es\/laura-lumi\">Continuar<\/a><\/p>\n","protected":false},"author":4,"featured_media":7971,"comment_status":"closed","ping_status":"closed","sticky":false,"template":"","format":"standard","meta":{"_monsterinsights_skip_tracking":false,"_monsterinsights_sitenote_active":false,"_monsterinsights_sitenote_note":"","_monsterinsights_sitenote_category":0,"footnotes":""},"categories":[10,11],"tags":[],"_links":{"self":[{"href":"https:\/\/canserrat.org\/es\/wp-json\/wp\/v2\/posts\/7970"}],"collection":[{"href":"https:\/\/canserrat.org\/es\/wp-json\/wp\/v2\/posts"}],"about":[{"href":"https:\/\/canserrat.org\/es\/wp-json\/wp\/v2\/types\/post"}],"author":[{"embeddable":true,"href":"https:\/\/canserrat.org\/es\/wp-json\/wp\/v2\/users\/4"}],"replies":[{"embeddable":true,"href":"https:\/\/canserrat.org\/es\/wp-json\/wp\/v2\/comments?post=7970"}],"version-history":[{"count":1,"href":"https:\/\/canserrat.org\/es\/wp-json\/wp\/v2\/posts\/7970\/revisions"}],"predecessor-version":[{"id":7972,"href":"https:\/\/canserrat.org\/es\/wp-json\/wp\/v2\/posts\/7970\/revisions\/7972"}],"wp:featuredmedia":[{"embeddable":true,"href":"https:\/\/canserrat.org\/es\/wp-json\/wp\/v2\/media\/7971"}],"wp:attachment":[{"href":"https:\/\/canserrat.org\/es\/wp-json\/wp\/v2\/media?parent=7970"}],"wp:term":[{"taxonomy":"category","embeddable":true,"href":"https:\/\/canserrat.org\/es\/wp-json\/wp\/v2\/categories?post=7970"},{"taxonomy":"post_tag","embeddable":true,"href":"https:\/\/canserrat.org\/es\/wp-json\/wp\/v2\/tags?post=7970"}],"curies":[{"name":"wp","href":"https:\/\/api.w.org\/{rel}","templated":true}]}}