{"id":7957,"date":"2024-01-26T10:01:36","date_gmt":"2024-01-26T10:01:36","guid":{"rendered":"https:\/\/canserrat.org\/?p=7957"},"modified":"2025-06-09T11:22:17","modified_gmt":"2025-06-09T11:22:17","slug":"tara-mcginn","status":"publish","type":"post","link":"https:\/\/canserrat.org\/es\/tara-mcginn","title":{"rendered":"Tara McGinn"},"content":{"rendered":"<img decoding=\"async\" loading=\"lazy\" class=\"wp-image-8826 size-medium aligncenter\" src=\"http:\/\/canserrat.org\/wp-content\/uploads\/2024\/01\/WhatsApp-Image-2024-04-24-at-21.34.56-1-Tara-McGinn-220x300.jpeg\" alt=\"\" width=\"220\" height=\"300\" srcset=\"https:\/\/canserrat.org\/wp-content\/uploads\/2024\/01\/WhatsApp-Image-2024-04-24-at-21.34.56-1-Tara-McGinn-220x300.jpeg 220w, https:\/\/canserrat.org\/wp-content\/uploads\/2024\/01\/WhatsApp-Image-2024-04-24-at-21.34.56-1-Tara-McGinn-749x1024.jpeg 749w, https:\/\/canserrat.org\/wp-content\/uploads\/2024\/01\/WhatsApp-Image-2024-04-24-at-21.34.56-1-Tara-McGinn-1124x1536.jpeg 1124w, https:\/\/canserrat.org\/wp-content\/uploads\/2024\/01\/WhatsApp-Image-2024-04-24-at-21.34.56-1-Tara-McGinn-586x800.jpeg 586w, https:\/\/canserrat.org\/wp-content\/uploads\/2024\/01\/WhatsApp-Image-2024-04-24-at-21.34.56-1-Tara-McGinn-293x400.jpeg 293w, https:\/\/canserrat.org\/wp-content\/uploads\/2024\/01\/WhatsApp-Image-2024-04-24-at-21.34.56-1-Tara-McGinn.jpeg 1171w\" sizes=\"(max-width: 220px) 100vw, 220px\" \/><\/p>\n<p>&nbsp;<\/p>\n<p>Tara McGinn (n. 1993) desarrolla una pr\u00e1ctica interdisciplinaria que combina la (re)producci\u00f3n escult\u00f3rica, el montaje basado en im\u00e1genes y divagaciones hacia la escritura, desarrollando procesos de estudio e investigaci\u00f3n que conectan, contrastan y traducen temas de trauma, memoria, identidad y espacio. Responde de manera intuitiva a los medios y abraza la maleabilidad de las formas, cuestionando el lenguaje de los materiales pr\u00e1cticos y digitales, explotando la narraci\u00f3n como dispositivo de superposici\u00f3n, transformando el significado de objetos, interiores y sus superficies como lugares para pr\u00e1cticas culturales y narrativas pol\u00edticas que interact\u00faan como ficciones juguetonas e \u00edntimas. Actualmente, es artista del Programa de Artistas Freeland en Londres y cuenta con el apoyo del Consejo de las Artes de Irlanda.<\/p>\n<p>Tara se encuentra en residencia en Can Serrat durante los meses de enero y febrero de 2024.<\/p>\n<p>&nbsp;<\/p>\n<p><b>Sobre su proceso de trabajo en la residencia &gt;&gt;&gt;<\/b><\/p>\n\n<p class=\"gde-text\"><a href=\"http:\/\/canserrat.org\/wp-content\/uploads\/2024\/01\/Tara-McGinn-Statement_Bio-Tara-McGinn.pdf\" class=\"gde-link\">Descargar (PDF, 16.64MB)<\/a><\/p>","protected":false},"excerpt":{"rendered":"<p>&nbsp; Tara McGinn (n. 1993) desarrolla una pr\u00e1ctica interdisciplinaria que combina la (re)producci\u00f3n escult\u00f3rica, el montaje basado en im\u00e1genes y divagaciones hacia la escritura, desarrollando procesos de estudio e investigaci\u00f3n que conectan, contrastan y traducen temas de trauma, memoria, identidad &hellip; <a href=\"https:\/\/canserrat.org\/es\/tara-mcginn\">Continuar<\/a><\/p>\n","protected":false},"author":4,"featured_media":8826,"comment_status":"closed","ping_status":"closed","sticky":false,"template":"","format":"standard","meta":{"_monsterinsights_skip_tracking":false,"_monsterinsights_sitenote_active":false,"_monsterinsights_sitenote_note":"","_monsterinsights_sitenote_category":0,"footnotes":""},"categories":[10,11],"tags":[],"_links":{"self":[{"href":"https:\/\/canserrat.org\/es\/wp-json\/wp\/v2\/posts\/7957"}],"collection":[{"href":"https:\/\/canserrat.org\/es\/wp-json\/wp\/v2\/posts"}],"about":[{"href":"https:\/\/canserrat.org\/es\/wp-json\/wp\/v2\/types\/post"}],"author":[{"embeddable":true,"href":"https:\/\/canserrat.org\/es\/wp-json\/wp\/v2\/users\/4"}],"replies":[{"embeddable":true,"href":"https:\/\/canserrat.org\/es\/wp-json\/wp\/v2\/comments?post=7957"}],"version-history":[{"count":2,"href":"https:\/\/canserrat.org\/es\/wp-json\/wp\/v2\/posts\/7957\/revisions"}],"predecessor-version":[{"id":8828,"href":"https:\/\/canserrat.org\/es\/wp-json\/wp\/v2\/posts\/7957\/revisions\/8828"}],"wp:featuredmedia":[{"embeddable":true,"href":"https:\/\/canserrat.org\/es\/wp-json\/wp\/v2\/media\/8826"}],"wp:attachment":[{"href":"https:\/\/canserrat.org\/es\/wp-json\/wp\/v2\/media?parent=7957"}],"wp:term":[{"taxonomy":"category","embeddable":true,"href":"https:\/\/canserrat.org\/es\/wp-json\/wp\/v2\/categories?post=7957"},{"taxonomy":"post_tag","embeddable":true,"href":"https:\/\/canserrat.org\/es\/wp-json\/wp\/v2\/tags?post=7957"}],"curies":[{"name":"wp","href":"https:\/\/api.w.org\/{rel}","templated":true}]}}