{"id":7659,"date":"2023-06-08T13:55:23","date_gmt":"2023-06-08T13:55:23","guid":{"rendered":"http:\/\/canserrat.org\/?p=7659"},"modified":"2023-06-08T14:06:36","modified_gmt":"2023-06-08T14:06:36","slug":"call-result__summer-fall-2023-residency__writers","status":"publish","type":"post","link":"https:\/\/canserrat.org\/es\/call-result__summer-fall-2023-residency__writers","title":{"rendered":"RESULTADO CONVOCATORIA__Invierno-Primavera 2024__Escritura"},"content":{"rendered":"<div class=\"tlid-input input\">\n<div class=\"source-wrap\">\n<div class=\"input-full-height-wrapper tlid-input-full-height-wrapper\">\n<div class=\"source-input\">\n<div class=\"source-footer-wrap source-or-target-footer\">\n<div class=\"character-count tlid-character-count\">\n<p>&nbsp;<\/p>\n<p>En el marco de este jurado, se recibieron muchas solicitudes de escritores de todo el mundo y un gran n\u00famero de ellas eran de una calidad impresionante. El jurado ha disfrutado mucho de todos los proyectos presentados y, una vez m\u00e1s, ha sido un reto hacer una selecci\u00f3n. Tras pasar horas debatiendo, han sido seleccionadas 26 propuestas para integrar el programa de residencia (1 invitaci\u00f3n completa y 25 invitaci\u00f3nes parciales). El jurado tuvo mucho cura en invitar a proyectos que fueran espec\u00edficamente relevantes para el contexto de Can Serrat.<\/p>\n<p>&nbsp;<\/p>\n<\/div>\n<\/div>\n<\/div>\n<\/div>\n<\/div>\n<\/div>\n<div>\n<p><strong>Jurado:<\/strong><\/p>\n<p>Paula Vazquez, escriptora y cofundadora de la <a href=\"https:\/\/latapeinada.com\/\" target=\"_blank\" rel=\"noopener\">Lata Peinada<\/a><\/p>\n<p><a href=\"http:\/\/canserrat.org\/es\/fatma-belkis-isik\" target=\"_blank\" rel=\"noopener\">Fatma Belk\u0131s<\/a> _artista interdisciplinaria y residente en Can Serrat durante el 2022<span class=\"s1\">.<\/span><\/p>\n<p>Sophie Blais_Directora de Can Serrat (voz sin voto).<\/p>\n<p>Sarah Goodchild Robb_Coordinadora de residentes y encargada de communicaci\u00f3n (voz sin voto).<\/p>\n<\/div>\n<p>&nbsp;<\/p>\n<p><strong>INVITACI\u00d3N COMPLETA &#8212;<\/strong><\/p>\n<div>\n<p style=\"padding-left: 120px;\"><span style=\"color: #00ff00;\"><strong>Flor Dacal<\/strong><\/span><\/p>\n<p>&nbsp;<\/p>\n<p><strong>INVITACI\u00d3N PARCIAL &#8212;<\/strong><\/p>\n<p style=\"padding-left: 120px;\"><strong><span style=\"color: #00ff00;\">Eduardo Cruces<\/span><\/strong><\/p>\n<p style=\"padding-left: 120px;\"><strong><span style=\"color: #00ff00;\">Benni Ciappini<\/span><\/strong><\/p>\n<p style=\"padding-left: 120px;\"><strong><span style=\"color: #00ff00;\">Irene Zabytko<\/span><\/strong><\/p>\n<p style=\"padding-left: 120px;\"><strong><span style=\"color: #00ff00;\">Enxhi Mandija<\/span><\/strong><\/p>\n<p style=\"padding-left: 120px;\"><strong><span style=\"color: #00ff00;\">Paula Pita<\/span><\/strong><\/p>\n<p style=\"padding-left: 120px;\"><strong><span style=\"color: #00ff00;\">Eliana Hern\u00e1ndez P<\/span><\/strong><\/p>\n<p style=\"padding-left: 120px;\"><strong><span style=\"color: #00ff00;\">Simon Azar<\/span><\/strong><\/p>\n<p style=\"padding-left: 120px;\"><strong><span style=\"color: #00ff00;\">Megan Coppock<\/span><\/strong><\/p>\n<p style=\"padding-left: 120px;\"><strong><span style=\"color: #00ff00;\">Chiara Ponsetti<\/span><\/strong><\/p>\n<p style=\"padding-left: 120px;\"><strong><span style=\"color: #00ff00;\">Mercedes Duque Espiau<\/span><\/strong><\/p>\n<p style=\"padding-left: 120px;\"><strong><span style=\"color: #00ff00;\">Mar\u00eda Paula Rodr\u00edguez Guti\u00e9rrez<\/span><\/strong><\/p>\n<p style=\"padding-left: 120px;\"><strong><span style=\"color: #00ff00;\">Andrea Juliana Enciso Mancilla<\/span><\/strong><\/p>\n<p style=\"padding-left: 120px;\"><strong><span style=\"color: #00ff00;\">Panda Wong<\/span><\/strong><\/p>\n<p style=\"padding-left: 120px;\"><strong><span style=\"color: #00ff00;\">Alev Ersan<\/span><\/strong><\/p>\n<p style=\"padding-left: 120px;\"><strong><span style=\"color: #00ff00;\">Mar\u00eda Ovelar\u00a0<\/span><\/strong><\/p>\n<p style=\"padding-left: 120px;\"><strong><span style=\"color: #00ff00;\">Margherita Ferrario<\/span><\/strong><\/p>\n<p style=\"padding-left: 120px;\"><strong><span style=\"color: #00ff00;\">Pilar Lucia Martinez<\/span><\/strong><\/p>\n<p style=\"padding-left: 120px;\"><strong><span style=\"color: #00ff00;\">Diego Preciado<\/span><\/strong><\/p>\n<p style=\"padding-left: 120px;\"><strong><span style=\"color: #00ff00;\">\u00c7\u0131nar Eslek<\/span><\/strong><\/p>\n<p style=\"padding-left: 120px;\"><strong><span style=\"color: #00ff00;\">Lara Gobec<\/span><\/strong><\/p>\n<p style=\"padding-left: 120px;\"><strong><span style=\"color: #00ff00;\">Cassandra Lewis<\/span><\/strong><\/p>\n<p style=\"padding-left: 120px;\"><strong><span style=\"color: #00ff00;\">Micaela Paredes<\/span><\/strong><\/p>\n<p style=\"padding-left: 120px;\"><strong><span style=\"color: #00ff00;\">Michael Mirolla<\/span><\/strong><\/p>\n<p style=\"padding-left: 120px;\"><strong><span style=\"color: #00ff00;\">Mar\u00eda Andrea Scoufalos<\/span><\/strong><\/p>\n<p style=\"padding-left: 120px;\"><strong><span style=\"color: #00ff00;\">Andrew Heath<\/span><\/strong><\/p>\n<p style=\"padding-left: 120px;\">\n<\/div>\n<p>*Sabemos que es muy dif\u00edcil generar espacios de cuidado dentro de una convocatoria, pero queremos agradecer, de todo coraz\u00f3n, a todas las personas que nos han hecho llegar sus propuestas. Ha sido un placer leerlas, adentrarse en sus pr\u00e1cticas y entrar en contacto con ellas.","protected":false},"excerpt":{"rendered":"<p>&nbsp; En el marco de este jurado, se recibieron muchas solicitudes de escritores de todo el mundo y un gran n\u00famero de ellas eran de una calidad impresionante. El jurado ha disfrutado mucho de todos los proyectos presentados y, una &hellip; <a href=\"https:\/\/canserrat.org\/es\/call-result__summer-fall-2023-residency__writers\">Continuar<\/a><\/p>\n","protected":false},"author":4,"featured_media":7564,"comment_status":"closed","ping_status":"closed","sticky":false,"template":"","format":"standard","meta":{"_monsterinsights_skip_tracking":false,"_monsterinsights_sitenote_active":false,"_monsterinsights_sitenote_note":"","_monsterinsights_sitenote_category":0,"footnotes":""},"categories":[22,37],"tags":[],"_links":{"self":[{"href":"https:\/\/canserrat.org\/es\/wp-json\/wp\/v2\/posts\/7659"}],"collection":[{"href":"https:\/\/canserrat.org\/es\/wp-json\/wp\/v2\/posts"}],"about":[{"href":"https:\/\/canserrat.org\/es\/wp-json\/wp\/v2\/types\/post"}],"author":[{"embeddable":true,"href":"https:\/\/canserrat.org\/es\/wp-json\/wp\/v2\/users\/4"}],"replies":[{"embeddable":true,"href":"https:\/\/canserrat.org\/es\/wp-json\/wp\/v2\/comments?post=7659"}],"version-history":[{"count":2,"href":"https:\/\/canserrat.org\/es\/wp-json\/wp\/v2\/posts\/7659\/revisions"}],"predecessor-version":[{"id":7661,"href":"https:\/\/canserrat.org\/es\/wp-json\/wp\/v2\/posts\/7659\/revisions\/7661"}],"wp:featuredmedia":[{"embeddable":true,"href":"https:\/\/canserrat.org\/es\/wp-json\/wp\/v2\/media\/7564"}],"wp:attachment":[{"href":"https:\/\/canserrat.org\/es\/wp-json\/wp\/v2\/media?parent=7659"}],"wp:term":[{"taxonomy":"category","embeddable":true,"href":"https:\/\/canserrat.org\/es\/wp-json\/wp\/v2\/categories?post=7659"},{"taxonomy":"post_tag","embeddable":true,"href":"https:\/\/canserrat.org\/es\/wp-json\/wp\/v2\/tags?post=7659"}],"curies":[{"name":"wp","href":"https:\/\/api.w.org\/{rel}","templated":true}]}}