{"id":7610,"date":"2023-05-11T13:40:30","date_gmt":"2023-05-11T13:40:30","guid":{"rendered":"http:\/\/canserrat.org\/?p=7610"},"modified":"2023-10-05T14:08:43","modified_gmt":"2023-10-05T14:08:43","slug":"emma-pinoteau","status":"publish","type":"post","link":"https:\/\/canserrat.org\/es\/emma-pinoteau","title":{"rendered":"Em&#8217;ma Pinoteau"},"content":{"rendered":"<img decoding=\"async\" loading=\"lazy\" class=\"size-medium wp-image-7611 aligncenter\" src=\"http:\/\/canserrat.org\/wp-content\/uploads\/2023\/05\/romane-Emma-Pinoteau-300x285.jpg\" alt=\"\" width=\"300\" height=\"285\" srcset=\"https:\/\/canserrat.org\/wp-content\/uploads\/2023\/05\/romane-Emma-Pinoteau-300x285.jpg 300w, https:\/\/canserrat.org\/wp-content\/uploads\/2023\/05\/romane-Emma-Pinoteau.jpg 940w\" sizes=\"(max-width: 300px) 100vw, 300px\" \/><\/p>\n<p>&nbsp;<\/p>\n<p>Tras finalizar una licenciatura en Artes Esc\u00e9nicas, se incorpor\u00f3 a la Escuela Europea de Imagen de Poitiers (EESI) en 2017. En 2019, fund\u00f3 con otros cinco estudiantes de EESI, el colectivo de artistas Brasier. Desarrolla una pr\u00e1ctica de v\u00eddeo en directo (VJ-ing), performances vocales y una reflexi\u00f3n sobre el tatuaje. Colabora con la Cie du Th\u00e9\u00e2tre para los proyectos Balades Martiennes y Radiorama.<br \/>\nSe uni\u00f3 al Atelier de recherche chor\u00e9-taller de investigaci\u00f3n gr\u00e1fica (ARC) de la Universidad de Poitiers en 2020 y particip\u00f3 en el desarrollo de espect\u00e1culos: Ronces de Thomas Ferrand, Les sentinelles de Thierry Thieu Niang, Queimada de Volmir Cordeiro.<br \/>\nCon Axel Amiaud, forman el d\u00fao Guerri\u00e8res y desarrollan una creaci\u00f3n musical y performativa desde noviembre de 2020.<br \/>\nEn junio de 2021 termin\u00f3 su tesis A Fleur de peau, que cuestiona el uso del tatuaje contempor\u00e1neo, y ha estado desarrollando una serie de performances que combinan creaci\u00f3n sonora, canto, lectura y bloodline (una t\u00e9cnica de tatuaje sin tinta).<br \/>\nEn junio de 2022 obtuvo su DNSEP con la felicitaci\u00f3n del jurado.<br \/>\nParticip\u00f3 en el proyecto New Grand Tour (NGT), del Instituto Franc\u00e9s en Italia y realiz\u00f3 una residencia en el proyecto CROSS (Ameno, Italia) en octubre de 2022.<br \/>\nDesde septiembre de 2022, es residente en el Confort Moderne y prepara una exposici\u00f3n en d\u00fao con Pierre Richard.<\/p>\n<p>&nbsp;<\/p>\n<p>Em&#8217;ma realiza su residencia de mayo a septiembre de 2023, dentro de la colaboraci\u00f3n entre EESI y Can Serrat.","protected":false},"excerpt":{"rendered":"<p>&nbsp; Tras finalizar una licenciatura en Artes Esc\u00e9nicas, se incorpor\u00f3 a la Escuela Europea de Imagen de Poitiers (EESI) en 2017. En 2019, fund\u00f3 con otros cinco estudiantes de EESI, el colectivo de artistas Brasier. Desarrolla una pr\u00e1ctica de v\u00eddeo &hellip; <a href=\"https:\/\/canserrat.org\/es\/emma-pinoteau\">Continuar<\/a><\/p>\n","protected":false},"author":4,"featured_media":7611,"comment_status":"closed","ping_status":"closed","sticky":false,"template":"","format":"standard","meta":{"_monsterinsights_skip_tracking":false,"_monsterinsights_sitenote_active":false,"_monsterinsights_sitenote_note":"","_monsterinsights_sitenote_category":0,"footnotes":""},"categories":[1,22,10,11],"tags":[],"_links":{"self":[{"href":"https:\/\/canserrat.org\/es\/wp-json\/wp\/v2\/posts\/7610"}],"collection":[{"href":"https:\/\/canserrat.org\/es\/wp-json\/wp\/v2\/posts"}],"about":[{"href":"https:\/\/canserrat.org\/es\/wp-json\/wp\/v2\/types\/post"}],"author":[{"embeddable":true,"href":"https:\/\/canserrat.org\/es\/wp-json\/wp\/v2\/users\/4"}],"replies":[{"embeddable":true,"href":"https:\/\/canserrat.org\/es\/wp-json\/wp\/v2\/comments?post=7610"}],"version-history":[{"count":2,"href":"https:\/\/canserrat.org\/es\/wp-json\/wp\/v2\/posts\/7610\/revisions"}],"predecessor-version":[{"id":7701,"href":"https:\/\/canserrat.org\/es\/wp-json\/wp\/v2\/posts\/7610\/revisions\/7701"}],"wp:featuredmedia":[{"embeddable":true,"href":"https:\/\/canserrat.org\/es\/wp-json\/wp\/v2\/media\/7611"}],"wp:attachment":[{"href":"https:\/\/canserrat.org\/es\/wp-json\/wp\/v2\/media?parent=7610"}],"wp:term":[{"taxonomy":"category","embeddable":true,"href":"https:\/\/canserrat.org\/es\/wp-json\/wp\/v2\/categories?post=7610"},{"taxonomy":"post_tag","embeddable":true,"href":"https:\/\/canserrat.org\/es\/wp-json\/wp\/v2\/tags?post=7610"}],"curies":[{"name":"wp","href":"https:\/\/api.w.org\/{rel}","templated":true}]}}