{"id":7322,"date":"2023-01-09T15:20:48","date_gmt":"2023-01-09T15:20:48","guid":{"rendered":"http:\/\/canserrat.org\/?p=7322"},"modified":"2023-06-13T12:00:58","modified_gmt":"2023-06-13T12:00:58","slug":"raquel-paez-guzman","status":"publish","type":"post","link":"https:\/\/canserrat.org\/es\/raquel-paez-guzman","title":{"rendered":"Raquel P\u00e1ez Guzm\u00e1n"},"content":{"rendered":"<img decoding=\"async\" loading=\"lazy\" class=\"size-medium wp-image-7323 aligncenter\" src=\"http:\/\/canserrat.org\/wp-content\/uploads\/2023\/01\/IMG_20220414_124103_2-Raquel-Paez-Guzman-223x300.jpg\" alt=\"\" width=\"223\" height=\"300\" srcset=\"https:\/\/canserrat.org\/wp-content\/uploads\/2023\/01\/IMG_20220414_124103_2-Raquel-Paez-Guzman-223x300.jpg 223w, https:\/\/canserrat.org\/wp-content\/uploads\/2023\/01\/IMG_20220414_124103_2-Raquel-Paez-Guzman-760x1024.jpg 760w, https:\/\/canserrat.org\/wp-content\/uploads\/2023\/01\/IMG_20220414_124103_2-Raquel-Paez-Guzman-1140x1536.jpg 1140w, https:\/\/canserrat.org\/wp-content\/uploads\/2023\/01\/IMG_20220414_124103_2-Raquel-Paez-Guzman-1520x2048.jpg 1520w, https:\/\/canserrat.org\/wp-content\/uploads\/2023\/01\/IMG_20220414_124103_2-Raquel-Paez-Guzman-scaled.jpg 1901w\" sizes=\"(max-width: 223px) 100vw, 223px\" \/><\/p>\n<p>&nbsp;<\/p>\n<p><span data-sheets-value=\"{&quot;1&quot;:2,&quot;2&quot;:&quot;Raquel P\u00e1ez Guzm\u00e1n (1998) Bogot\u00e1, Colombia, es Artista Visual de la Pontificia Universidad Javeriana de Bogot\u00e1 con \u00e9nfasis audiovisual y gr\u00e1fico. Se mueve principalmente en el campo de la producci\u00f3n editorial y el dibujo, as\u00ed como el videoensayo y la animaci\u00f3n. Ha participado con diversas piezas en subastas y en diferentes exposiciones colectivas, adem\u00e1s, m\u00faltiples de sus piezas hacen parte de revistas, fanzines y libros. De forma individual, y desde el colectivo de Las que cruzan, ha realizado carteles con componente cr\u00edtico social que han circulado en distintas protestas en Colombia. Hace parte tambi\u00e9n del colectivo de pr\u00e1cticas documentales INDEX con el cual ha organizado y realizado talleres de videoensayo en Bogot\u00e1, en Cali, y desde la virtualidad. Su trabajo audiovisual individual ha circulado en distintos festivales a nivel nacional e internacional.\\n\\nEncuentra inter\u00e9s en la cotidianidad y en la producci\u00f3n y reproducci\u00f3n de im\u00e1genes, desde la exploraci\u00f3n y la curiosidad. Aborda el movimiento, la naturaleza, la visi\u00f3n, el fantasma, el lenguaje, entre otras b\u00fasquedas. Trabaja movi\u00e9ndose entre medios y explorando sus espectros seg\u00fan lo que quiere expresar. La manifestaci\u00f3n gestual ha cobrado importancia en sus exploraciones, dejar huella y pensar aquel rastro constante en el hacer. Estas manifestaciones se condensan en imagen est\u00e1tica o en movimiento, algunas como registro y otras como exploraciones. Piensa la repetici\u00f3n y la copia y acude al juego en muchos casos.&quot;}\" data-sheets-userformat=\"{&quot;2&quot;:513,&quot;3&quot;:{&quot;1&quot;:0},&quot;12&quot;:0}\">Raquel P\u00e1ez Guzm\u00e1n (1998) Bogot\u00e1, Colombia, es Artista Visual de la Pontificia Universidad Javeriana de Bogot\u00e1 con \u00e9nfasis audiovisual y gr\u00e1fico. Se mueve principalmente en el campo de la producci\u00f3n editorial y el dibujo, as\u00ed como el videoensayo y la animaci\u00f3n. Ha participado con diversas piezas en subastas y en diferentes exposiciones colectivas, adem\u00e1s, m\u00faltiples de sus piezas hacen parte de revistas, fanzines y libros. De forma individual, y desde el colectivo de Las que cruzan, ha realizado carteles con componente cr\u00edtico social que han circulado en distintas protestas en Colombia. Hace parte tambi\u00e9n del colectivo de pr\u00e1cticas documentales INDEX con el cual ha organizado y realizado talleres de videoensayo en Bogot\u00e1, en Cali, y desde la virtualidad. Su trabajo audiovisual individual ha circulado en distintos festivales a nivel nacional e internacional.<\/span><\/p>\n<p>Encuentra inter\u00e9s en la cotidianidad y en la producci\u00f3n y reproducci\u00f3n de im\u00e1genes, desde la exploraci\u00f3n y la curiosidad. Aborda el movimiento, la naturaleza, la visi\u00f3n, el fantasma, el lenguaje, entre otras b\u00fasquedas. Trabaja movi\u00e9ndose entre medios y explorando sus espectros seg\u00fan lo que quiere expresar. La manifestaci\u00f3n gestual ha cobrado importancia en sus exploraciones, dejar huella y pensar aquel rastro constante en el hacer. Estas manifestaciones se condensan en imagen est\u00e1tica o en movimiento, algunas como registro y otras como exploraciones. Piensa la repetici\u00f3n y la copia y acude al juego en muchos casos.<\/p>\n<p>Raquel hace su residencia en Can Serrat durante el mes de Enero de 2023.<\/p>\n<p>&nbsp;<\/p>\n<h4><span style=\"color: #33cccc;\">Sobre su proceso de trabajo en la residencia &gt;&gt;&gt;<\/span><\/h4>\n<iframe src=\"\/\/docs.google.com\/viewer?url=http%3A%2F%2Fcanserrat.org%2Fwp-content%2Fuploads%2F2023%2F01%2FPAEZ-GUZMAN_RAQUEL_CHECKPOINT_2023-Raquel-Paez-Guzman.pdf&hl=es&embedded=true\" class=\"gde-frame\" style=\"width:100%; height:500px; border: none;\" scrolling=\"no\"><\/iframe>\n<p class=\"gde-text\"><a href=\"http:\/\/canserrat.org\/wp-content\/uploads\/2023\/01\/PAEZ-GUZMAN_RAQUEL_CHECKPOINT_2023-Raquel-Paez-Guzman.pdf\" class=\"gde-link\">Descargar (PDF, 613KB)<\/a><\/p>","protected":false},"excerpt":{"rendered":"<p>&nbsp; Raquel P\u00e1ez Guzm\u00e1n (1998) Bogot\u00e1, Colombia, es Artista Visual de la Pontificia Universidad Javeriana de Bogot\u00e1 con \u00e9nfasis audiovisual y gr\u00e1fico. Se mueve principalmente en el campo de la producci\u00f3n editorial y el dibujo, as\u00ed como el videoensayo y &hellip; <a href=\"https:\/\/canserrat.org\/es\/raquel-paez-guzman\">Continuar<\/a><\/p>\n","protected":false},"author":4,"featured_media":7324,"comment_status":"closed","ping_status":"closed","sticky":false,"template":"","format":"standard","meta":{"_monsterinsights_skip_tracking":false,"_monsterinsights_sitenote_active":false,"_monsterinsights_sitenote_note":"","_monsterinsights_sitenote_category":0,"footnotes":""},"categories":[22,10,11],"tags":[],"_links":{"self":[{"href":"https:\/\/canserrat.org\/es\/wp-json\/wp\/v2\/posts\/7322"}],"collection":[{"href":"https:\/\/canserrat.org\/es\/wp-json\/wp\/v2\/posts"}],"about":[{"href":"https:\/\/canserrat.org\/es\/wp-json\/wp\/v2\/types\/post"}],"author":[{"embeddable":true,"href":"https:\/\/canserrat.org\/es\/wp-json\/wp\/v2\/users\/4"}],"replies":[{"embeddable":true,"href":"https:\/\/canserrat.org\/es\/wp-json\/wp\/v2\/comments?post=7322"}],"version-history":[{"count":4,"href":"https:\/\/canserrat.org\/es\/wp-json\/wp\/v2\/posts\/7322\/revisions"}],"predecessor-version":[{"id":7668,"href":"https:\/\/canserrat.org\/es\/wp-json\/wp\/v2\/posts\/7322\/revisions\/7668"}],"wp:featuredmedia":[{"embeddable":true,"href":"https:\/\/canserrat.org\/es\/wp-json\/wp\/v2\/media\/7324"}],"wp:attachment":[{"href":"https:\/\/canserrat.org\/es\/wp-json\/wp\/v2\/media?parent=7322"}],"wp:term":[{"taxonomy":"category","embeddable":true,"href":"https:\/\/canserrat.org\/es\/wp-json\/wp\/v2\/categories?post=7322"},{"taxonomy":"post_tag","embeddable":true,"href":"https:\/\/canserrat.org\/es\/wp-json\/wp\/v2\/tags?post=7322"}],"curies":[{"name":"wp","href":"https:\/\/api.w.org\/{rel}","templated":true}]}}