{"id":6968,"date":"2022-05-26T11:14:16","date_gmt":"2022-05-26T11:14:16","guid":{"rendered":"http:\/\/canserrat.org\/?p=6968"},"modified":"2022-07-04T12:07:54","modified_gmt":"2022-07-04T12:07:54","slug":"janelle-vanderkelen","status":"publish","type":"post","link":"https:\/\/canserrat.org\/es\/janelle-vanderkelen","title":{"rendered":"Janelle VanderKelen"},"content":{"rendered":"<img decoding=\"async\" loading=\"lazy\" class=\"size-medium wp-image-6969 aligncenter\" src=\"http:\/\/canserrat.org\/wp-content\/uploads\/2022\/05\/Janelle-VanderKelen_Headshot-Janelle-VanderKelen-224x300.jpg\" alt=\"\" width=\"224\" height=\"300\" srcset=\"https:\/\/canserrat.org\/wp-content\/uploads\/2022\/05\/Janelle-VanderKelen_Headshot-Janelle-VanderKelen-224x300.jpg 224w, https:\/\/canserrat.org\/wp-content\/uploads\/2022\/05\/Janelle-VanderKelen_Headshot-Janelle-VanderKelen-764x1024.jpg 764w, https:\/\/canserrat.org\/wp-content\/uploads\/2022\/05\/Janelle-VanderKelen_Headshot-Janelle-VanderKelen-596x800.jpg 596w, https:\/\/canserrat.org\/wp-content\/uploads\/2022\/05\/Janelle-VanderKelen_Headshot-Janelle-VanderKelen-298x400.jpg 298w, https:\/\/canserrat.org\/wp-content\/uploads\/2022\/05\/Janelle-VanderKelen_Headshot-Janelle-VanderKelen.jpg 1343w\" sizes=\"(max-width: 224px) 100vw, 224px\" \/><\/p>\n<p>&nbsp;<\/p>\n<p>Janelle VanderKelen es una artista, comisaria y educadora afincada en Milwaukee. Sus pel\u00edculas e instalaciones intermedias imaginan actos alternativos de relaci\u00f3n entre cuerpos imperfectos (humanos, vegetales, geol\u00f3gicos o de otro tipo) y hacen visible la agencia de las plantas a trav\u00e9s de procesos medi\u00e1ticos experimentales basados en el tiempo. La obra de VanderKelen ha sido expuesta en instituciones como el Museo de Arte Contempor\u00e1neo de Boulder, CO; Anthology Film Archives de Nueva York; y Bow Arts de Londres, Inglaterra. Sus pel\u00edculas se han proyectado en el Athens International Film + Video Festival, el Revelation Perth International Film Festival, el IC DOCS, el San Diego Underground Film Festival y el Antimatter [Media Art] Film Festival. En la actualidad coordina una serie de proyecciones mensuales llamada aCinema y ense\u00f1a cine y v\u00eddeo en la Universidad de Wisconsin &#8211; Milwaukee, donde obtuvo su m\u00e1ster en Arte Intermedia y su m\u00e1ster en Cine, V\u00eddeo, Animaci\u00f3n y Nuevos G\u00e9neros.<\/p>\n<p>Janelle estar\u00e1 en residencia en Can Serrat durante junio de 2022","protected":false},"excerpt":{"rendered":"<p>&nbsp; Janelle VanderKelen es una artista, comisaria y educadora afincada en Milwaukee. Sus pel\u00edculas e instalaciones intermedias imaginan actos alternativos de relaci\u00f3n entre cuerpos imperfectos (humanos, vegetales, geol\u00f3gicos o de otro tipo) y hacen visible la agencia de las plantas &hellip; <a href=\"https:\/\/canserrat.org\/es\/janelle-vanderkelen\">Continuar<\/a><\/p>\n","protected":false},"author":4,"featured_media":6969,"comment_status":"closed","ping_status":"closed","sticky":false,"template":"","format":"standard","meta":{"_monsterinsights_skip_tracking":false,"_monsterinsights_sitenote_active":false,"_monsterinsights_sitenote_note":"","_monsterinsights_sitenote_category":0,"footnotes":""},"categories":[1,10,11],"tags":[],"_links":{"self":[{"href":"https:\/\/canserrat.org\/es\/wp-json\/wp\/v2\/posts\/6968"}],"collection":[{"href":"https:\/\/canserrat.org\/es\/wp-json\/wp\/v2\/posts"}],"about":[{"href":"https:\/\/canserrat.org\/es\/wp-json\/wp\/v2\/types\/post"}],"author":[{"embeddable":true,"href":"https:\/\/canserrat.org\/es\/wp-json\/wp\/v2\/users\/4"}],"replies":[{"embeddable":true,"href":"https:\/\/canserrat.org\/es\/wp-json\/wp\/v2\/comments?post=6968"}],"version-history":[{"count":3,"href":"https:\/\/canserrat.org\/es\/wp-json\/wp\/v2\/posts\/6968\/revisions"}],"predecessor-version":[{"id":6972,"href":"https:\/\/canserrat.org\/es\/wp-json\/wp\/v2\/posts\/6968\/revisions\/6972"}],"wp:featuredmedia":[{"embeddable":true,"href":"https:\/\/canserrat.org\/es\/wp-json\/wp\/v2\/media\/6969"}],"wp:attachment":[{"href":"https:\/\/canserrat.org\/es\/wp-json\/wp\/v2\/media?parent=6968"}],"wp:term":[{"taxonomy":"category","embeddable":true,"href":"https:\/\/canserrat.org\/es\/wp-json\/wp\/v2\/categories?post=6968"},{"taxonomy":"post_tag","embeddable":true,"href":"https:\/\/canserrat.org\/es\/wp-json\/wp\/v2\/tags?post=6968"}],"curies":[{"name":"wp","href":"https:\/\/api.w.org\/{rel}","templated":true}]}}