{"id":6895,"date":"2022-05-06T08:57:04","date_gmt":"2022-05-06T08:57:04","guid":{"rendered":"http:\/\/canserrat.org\/?p=6895"},"modified":"2022-05-09T12:53:01","modified_gmt":"2022-05-09T12:53:01","slug":"call-result-collective-narrative-january-2023-residency","status":"publish","type":"post","link":"https:\/\/canserrat.org\/es\/call-result-collective-narrative-january-2023-residency","title":{"rendered":"RESULTADO CONVOCATORIA &#8212; NARRATIVA COLECTIVA  &#8212; ENERO 2023 RESIDENCY"},"content":{"rendered":"En el marco de este jurado, se recibieron muchas solicitudes de escritores de todo el mundo y un gran n\u00famero de ellas eran de una calidad impresionante. El jurado ha disfrutado mucho de todos los proyectos presentados y, una vez m\u00e1s, ha sido un reto hacer una selecci\u00f3n. Tras pasar horas debatiendo, han sido seleccionadas 21 propuestas para integrar el programa de residencia (1 beca completa, 10 beca#1, 10 beca#2). El jurado tuvo mucho cura en invitar a proyectos que fueran espec\u00edficamente relevantes para el contexto de Can Serrat.<\/p>\n<p>&nbsp;<\/p>\n<p><strong>Jurado:<\/strong><\/p>\n<p><span style=\"font-weight: 400;\">Catalina Vargas __ publish, creator of the publishing house <\/span><a href=\"https:\/\/www.cajondesastre.com.co\/\"><span style=\"font-weight: 400;\">Cajon de Sastre<\/span><\/a><span style=\"font-weight: 400;\"> (Colombia)<\/span><\/p>\n<p><span style=\"font-weight: 400;\">Sophie Blais &amp; Sarah Goodchild Robb _\u00a0 CAN SERRAT<\/span><\/p>\n<p>&nbsp;<\/p>\n<p><strong>FULL GRANT<\/strong><\/p>\n<p style=\"padding-left: 120px;\"><span style=\"color: #00ff00;\"><strong>Mmakhotso Lamola<\/strong><\/span><\/p>\n<p>&nbsp;<\/p>\n<p><strong><span style=\"color: #000000;\">INVITATION#1 &#8212;<\/span><\/strong><\/p>\n<p style=\"padding-left: 120px;\"><span style=\"color: #00ff00;\"><strong>CRYSTAL CHAN<\/strong><\/span><\/p>\n<p style=\"padding-left: 120px;\"><span style=\"color: #00ff00;\"><strong>Chloe Proctor<\/strong><\/span><\/p>\n<p style=\"padding-left: 120px;\"><span style=\"color: #00ff00;\"><strong>Paola Soto<\/strong><\/span><\/p>\n<p style=\"padding-left: 120px;\"><span style=\"color: #00ff00;\"><strong>Maria Catarina Palmeiro Cubelo<\/strong><\/span><\/p>\n<p style=\"padding-left: 120px;\"><span style=\"color: #00ff00;\"><strong>Brianna Deeprose-O&#8217;Connor<\/strong><\/span><\/p>\n<p style=\"padding-left: 120px;\"><span style=\"color: #00ff00;\"><strong>Luna Schapira<\/strong><\/span><\/p>\n<p style=\"padding-left: 120px;\"><span style=\"color: #00ff00;\"><strong>FLORENCIA DEFELIPPE<\/strong><\/span><\/p>\n<p>&nbsp;<\/p>\n<p><strong><span style=\"color: #000000;\">INVITACI\u00d3N#2 &#8212;<\/span><\/strong><\/p>\n<p style=\"padding-left: 120px;\"><strong><span style=\"color: #00ff00;\">Elena Botts<\/span><\/strong><\/p>\n<p style=\"padding-left: 120px;\"><strong><span style=\"color: #00ff00;\">Beatrice Simoncini Amado<\/span><\/strong><\/p>\n<p style=\"padding-left: 120px;\"><strong><span style=\"color: #00ff00;\">Nic Desborough<\/span><\/strong><\/p>\n<p style=\"padding-left: 120px;\"><strong><span style=\"color: #00ff00;\">Elizabeth Ashe<\/span><\/strong><\/p>\n<p style=\"padding-left: 120px;\"><strong><span style=\"color: #00ff00;\">Sara Malecka <\/span><\/strong><\/p>\n<p style=\"padding-left: 120px;\"><strong><span style=\"color: #00ff00;\">Sara Coelho <\/span><\/strong><\/p>\n<p style=\"padding-left: 120px;\"><strong><span style=\"color: #00ff00;\">Raquel P\u00e1ez<\/span><\/strong><\/p>\n<p>&nbsp;<\/p>\n<p>&nbsp;<\/p>\n<p><strong>LISTA DE ESPERA &#8212;<\/strong><\/p>\n<p style=\"padding-left: 120px;\"><strong><span style=\"color: #00ff00;\">Nolwenn Vuillier<\/span><\/strong><\/p>\n<p style=\"padding-left: 120px;\"><strong><span style=\"color: #00ff00;\">Rebecca Jones<\/span><\/strong><\/p>\n<p style=\"padding-left: 120px;\"><strong><span style=\"color: #00ff00;\">Ivan Perera<\/span><\/strong><\/p>\n<p style=\"padding-left: 120px;\"><strong><span style=\"color: #00ff00;\">Gohar Smoyan<\/span><\/strong><\/p>\n<p>&nbsp;<\/p>\n<p>*Sabemos que es muy dif\u00edcil generar espacios de cuidado dentro de una convocatoria, pero queremos agradecer, de todo coraz\u00f3n, a todas las personas que nos han hecho llegar sus propuestas. Ha sido un placer leerlas, adentrarse en sus pr\u00e1cticas y entrar en contacto con ellas.","protected":false},"excerpt":{"rendered":"<p>En el marco de este jurado, se recibieron muchas solicitudes de escritores de todo el mundo y un gran n\u00famero de ellas eran de una calidad impresionante. El jurado ha disfrutado mucho de todos los proyectos presentados y, una vez &hellip; <a href=\"https:\/\/canserrat.org\/es\/call-result-collective-narrative-january-2023-residency\">Continuar<\/a><\/p>\n","protected":false},"author":4,"featured_media":6521,"comment_status":"closed","ping_status":"closed","sticky":false,"template":"","format":"standard","meta":{"_monsterinsights_skip_tracking":false,"_monsterinsights_sitenote_active":false,"_monsterinsights_sitenote_note":"","_monsterinsights_sitenote_category":0,"footnotes":""},"categories":[22,37],"tags":[],"_links":{"self":[{"href":"https:\/\/canserrat.org\/es\/wp-json\/wp\/v2\/posts\/6895"}],"collection":[{"href":"https:\/\/canserrat.org\/es\/wp-json\/wp\/v2\/posts"}],"about":[{"href":"https:\/\/canserrat.org\/es\/wp-json\/wp\/v2\/types\/post"}],"author":[{"embeddable":true,"href":"https:\/\/canserrat.org\/es\/wp-json\/wp\/v2\/users\/4"}],"replies":[{"embeddable":true,"href":"https:\/\/canserrat.org\/es\/wp-json\/wp\/v2\/comments?post=6895"}],"version-history":[{"count":6,"href":"https:\/\/canserrat.org\/es\/wp-json\/wp\/v2\/posts\/6895\/revisions"}],"predecessor-version":[{"id":6901,"href":"https:\/\/canserrat.org\/es\/wp-json\/wp\/v2\/posts\/6895\/revisions\/6901"}],"wp:featuredmedia":[{"embeddable":true,"href":"https:\/\/canserrat.org\/es\/wp-json\/wp\/v2\/media\/6521"}],"wp:attachment":[{"href":"https:\/\/canserrat.org\/es\/wp-json\/wp\/v2\/media?parent=6895"}],"wp:term":[{"taxonomy":"category","embeddable":true,"href":"https:\/\/canserrat.org\/es\/wp-json\/wp\/v2\/categories?post=6895"},{"taxonomy":"post_tag","embeddable":true,"href":"https:\/\/canserrat.org\/es\/wp-json\/wp\/v2\/tags?post=6895"}],"curies":[{"name":"wp","href":"https:\/\/api.w.org\/{rel}","templated":true}]}}