{"id":6889,"date":"2022-04-28T14:30:05","date_gmt":"2022-04-28T14:30:05","guid":{"rendered":"http:\/\/canserrat.org\/?p=6889"},"modified":"2022-10-05T10:53:43","modified_gmt":"2022-10-05T10:53:43","slug":"edo-garcia","status":"publish","type":"post","link":"https:\/\/canserrat.org\/es\/edo-garcia","title":{"rendered":"Edo Garc\u00eda"},"content":{"rendered":"<div>\n<p>&nbsp;<\/p>\n<\/div>\n<div>\n<div>\n<div>\n<p><img decoding=\"async\" loading=\"lazy\" class=\"size-medium wp-image-6890 aligncenter\" src=\"http:\/\/canserrat.org\/wp-content\/uploads\/2022\/04\/Edo_foto22--225x300.jpeg\" alt=\"\" width=\"225\" height=\"300\" srcset=\"https:\/\/canserrat.org\/wp-content\/uploads\/2022\/04\/Edo_foto22--225x300.jpeg 225w, https:\/\/canserrat.org\/wp-content\/uploads\/2022\/04\/Edo_foto22--768x1024.jpeg 768w, https:\/\/canserrat.org\/wp-content\/uploads\/2022\/04\/Edo_foto22--600x800.jpeg 600w, https:\/\/canserrat.org\/wp-content\/uploads\/2022\/04\/Edo_foto22--300x400.jpeg 300w, https:\/\/canserrat.org\/wp-content\/uploads\/2022\/04\/Edo_foto22-.jpeg 1125w\" sizes=\"(max-width: 225px) 100vw, 225px\" \/><\/p>\n<\/div>\n<div><\/div>\n<div><\/div>\n<div>Edo Garc\u00eda (Santiago de Chile, 1984)<\/div>\n<div>Artista visual, realizador cinematogr\u00e1fico y fot\u00f3grafo. A trav\u00e9s mis trabajos cuestiono tem\u00e1ticas sobre la libertad, el miedo, la identidad y el capitalismo. Actualmente mis campos de pr\u00e1ctica art\u00edstica son la apropiaci\u00f3n de im\u00e1genes de\u00a0internet y el uso del texto como formato expositivo.<\/div>\n<p>Recientemente he expuesto en el Muxart Espai de Art en Martorell y en el Centre Octubre de Valencia en el marco de la Bienal de Arte CVO.<br \/>\nMe encontrar\u00e9 trabajando como residente en Can Serrat en el desarrollo del proyecto &#8220;Preguntas sobre el miedo&#8221;.\u00a0<a href=\"http:\/\/cargocollective.com\/edogarcia\/Preguntas-sobre-el-miedo\" target=\"_blank\" rel=\"noopener noreferrer\" data-saferedirecturl=\"https:\/\/www.google.com\/url?q=http:\/\/cargocollective.com\/edogarcia\/Preguntas-sobre-el-miedo&amp;source=gmail&amp;ust=1651218493875000&amp;usg=AOvVaw2gri8Z1eeVyIengTqb2KI-\">cargocollective.com\/edogarcia\/<wbr \/>Preguntas-sobre-el-miedo<\/a><\/p>\n<p>&nbsp;<\/p>\n<div>\n<p>Sitio web de su trabajo <a href=\"http:\/\/cargocollective.com\/edogarcia\" target=\"_blank\" rel=\"noopener noreferrer\" data-saferedirecturl=\"https:\/\/www.google.com\/url?q=http:\/\/cargocollective.com\/edogarcia&amp;source=gmail&amp;ust=1651218493875000&amp;usg=AOvVaw2E_aycQbh7-406nOfXk4d1\">cargocollective.com\/<wbr \/>edogarcia<\/a><\/p>\n<div>Instagram\u00a0@edo_garcia<\/div>\n<\/div>\n<\/div>\n<\/div>","protected":false},"excerpt":{"rendered":"<p>&nbsp; Edo Garc\u00eda (Santiago de Chile, 1984) Artista visual, realizador cinematogr\u00e1fico y fot\u00f3grafo. A trav\u00e9s mis trabajos cuestiono tem\u00e1ticas sobre la libertad, el miedo, la identidad y el capitalismo. Actualmente mis campos de pr\u00e1ctica art\u00edstica son la apropiaci\u00f3n de im\u00e1genes &hellip; <a href=\"https:\/\/canserrat.org\/es\/edo-garcia\">Continuar<\/a><\/p>\n","protected":false},"author":4,"featured_media":6890,"comment_status":"closed","ping_status":"closed","sticky":false,"template":"","format":"standard","meta":{"_monsterinsights_skip_tracking":false,"_monsterinsights_sitenote_active":false,"_monsterinsights_sitenote_note":"","_monsterinsights_sitenote_category":0,"footnotes":""},"categories":[1,22,10,11],"tags":[],"_links":{"self":[{"href":"https:\/\/canserrat.org\/es\/wp-json\/wp\/v2\/posts\/6889"}],"collection":[{"href":"https:\/\/canserrat.org\/es\/wp-json\/wp\/v2\/posts"}],"about":[{"href":"https:\/\/canserrat.org\/es\/wp-json\/wp\/v2\/types\/post"}],"author":[{"embeddable":true,"href":"https:\/\/canserrat.org\/es\/wp-json\/wp\/v2\/users\/4"}],"replies":[{"embeddable":true,"href":"https:\/\/canserrat.org\/es\/wp-json\/wp\/v2\/comments?post=6889"}],"version-history":[{"count":2,"href":"https:\/\/canserrat.org\/es\/wp-json\/wp\/v2\/posts\/6889\/revisions"}],"predecessor-version":[{"id":6892,"href":"https:\/\/canserrat.org\/es\/wp-json\/wp\/v2\/posts\/6889\/revisions\/6892"}],"wp:featuredmedia":[{"embeddable":true,"href":"https:\/\/canserrat.org\/es\/wp-json\/wp\/v2\/media\/6890"}],"wp:attachment":[{"href":"https:\/\/canserrat.org\/es\/wp-json\/wp\/v2\/media?parent=6889"}],"wp:term":[{"taxonomy":"category","embeddable":true,"href":"https:\/\/canserrat.org\/es\/wp-json\/wp\/v2\/categories?post=6889"},{"taxonomy":"post_tag","embeddable":true,"href":"https:\/\/canserrat.org\/es\/wp-json\/wp\/v2\/tags?post=6889"}],"curies":[{"name":"wp","href":"https:\/\/api.w.org\/{rel}","templated":true}]}}