{"id":6399,"date":"2021-11-30T14:36:37","date_gmt":"2021-11-30T14:36:37","guid":{"rendered":"http:\/\/canserrat.org\/?p=6399"},"modified":"2021-12-02T14:56:42","modified_gmt":"2021-12-02T14:56:42","slug":"call-result-winter-spring-2022-residency-visual-artists","status":"publish","type":"post","link":"https:\/\/canserrat.org\/es\/call-result-winter-spring-2022-residency-visual-artists","title":{"rendered":"RESULTADO CONVOCATORIA &#8211; Verano &#8211; Oto\u00f1o 2022 &#8211; Artistas Visuales"},"content":{"rendered":"<div class=\"tlid-input input\">\n<div class=\"source-wrap\">\n<div class=\"input-full-height-wrapper tlid-input-full-height-wrapper\">\n<div class=\"source-input\">\n<div class=\"source-footer-wrap source-or-target-footer\">\n<div><\/div>\n<div class=\"character-count tlid-character-count\">\n<p>En el marco de este jurado, se recibieron muchas solicitudes de artistas visuales de todo el mundo y un gran n\u00famero de ellas eran de una calidad impresionante. El jurado ha disfrutado mucho de todos los proyectos presentados y, una vez m\u00e1s, ha sido un reto hacer una selecci\u00f3n. Tras pasar horas debatiendo, han sido seleccionadas 21 propuestas para integrar el programa de residencia (1 beca completa, 10 beca#1, 10 beca#2). El jurado tuvo mucho cura en invitar a proyectos que fueran espec\u00edficamente relevantes para el contexto de Can Serrat.<\/p>\n<p>El equipo de Can Serrat desea estar a disposici\u00f3n de cualquier persona que se haya presentado y quiera conocer el resultado de esta convocatoria con m\u00e1s detalle; parece importante dedicar tiempo a esa transparencia y ofrecer comentarios. Dada la realidad de nuestros limitados recursos humanos y la cantidad de trabajo a realizar por un equipo muy peque\u00f1o, es un reto crear ese espacio. Por lo tanto, le pedimos que, si decide pedirnos opini\u00f3n, tenga paciencia, ya que podemos tardar en responder.<\/p>\n<\/div>\n<\/div>\n<\/div>\n<\/div>\n<\/div>\n<\/div>\n<div><\/div>\n<div>\n<p>&nbsp;<\/p>\n<p><strong>Jurado:<\/strong><\/p>\n<p>Sophie Blais _ Directora de Can Serrat<\/p>\n<p>Sarah Goodchild Robb _ Coordinaci\u00f3n artistica y comunicaci\u00f3n<\/p>\n<p><a href=\"https:\/\/foradecamp.hotglue.me\/\" target=\"_blank\" rel=\"noopener noreferrer\">Fora de Camp<\/a>_ Residencia nomada basada en la comunidad<\/p>\n<\/div>\n<p>&nbsp;<\/p>\n<p>&nbsp;<\/p>\n<div>\n<p>BECA COMPLETA &#8212;<\/p>\n<p style=\"padding-left: 120px;\"><strong><span style=\"color: #00ff00;\">Debora Incorvaia<\/span><\/strong><\/p>\n<p>&nbsp;<\/p>\n<p>BECA PARCIAL #1 &#8212;<\/p>\n<p style=\"padding-left: 120px;\"><span style=\"color: #00ff00;\"><strong>Cathy Kossack<\/strong><\/span><\/p>\n<p style=\"padding-left: 120px;\"><span style=\"color: #00ff00;\"><strong>Marion Sage<\/strong><\/span><\/p>\n<p style=\"padding-left: 120px;\"><span style=\"color: #00ff00;\"><strong>Yngvild Nergaard and Hanne Ekkeren<\/strong><\/span><\/p>\n<p style=\"padding-left: 120px;\"><span style=\"color: #00ff00;\"><strong>Bel\u00e9n Charpentier<\/strong><\/span><\/p>\n<p style=\"padding-left: 120px;\"><span style=\"color: #00ff00;\"><strong>Ingrid Kristensen Bj\u00f8rnaali<\/strong><\/span><\/p>\n<p style=\"padding-left: 120px;\"><span style=\"color: #00ff00;\"><strong>Giulia Paradell<\/strong><\/span><\/p>\n<p style=\"padding-left: 120px;\"><span style=\"color: #00ff00;\"><strong>Anabelle Michon<\/strong><\/span><\/p>\n<p style=\"padding-left: 120px;\"><span style=\"color: #00ff00;\"><strong>F\u00e1bio Ara\u00fajo<\/strong><\/span><\/p>\n<p style=\"padding-left: 120px;\"><span style=\"color: #00ff00;\"><strong>Natalia Lazaro Prevost<\/strong><\/span><\/p>\n<p style=\"padding-left: 120px;\"><span style=\"color: #00ff00;\"><strong>Vivek Muthuramalingam<\/strong><\/span><\/p>\n<p>&nbsp;<\/p>\n<\/div>\n<p>BECA PARCIAL #2 &#8212;<\/p>\n<p style=\"padding-left: 120px;\"><strong><span style=\"color: #00ff00;\">Daniel Vincent Hansen<\/span><\/strong><\/p>\n<p style=\"padding-left: 120px;\"><strong><span style=\"color: #00ff00;\">GeoVanna Gonzalez<\/span><\/strong><\/p>\n<p style=\"padding-left: 120px;\"><strong><span style=\"color: #00ff00;\">Keith Wilson<\/span><\/strong><\/p>\n<p style=\"padding-left: 120px;\"><strong><span style=\"color: #00ff00;\">Gabriela Novoa<\/span><\/strong><\/p>\n<p style=\"padding-left: 120px;\"><strong><span style=\"color: #00ff00;\">Haillot Anna<\/span><\/strong><\/p>\n<p style=\"padding-left: 120px;\"><strong><span style=\"color: #00ff00;\">Maria Monegro<\/span><\/strong><\/p>\n<p style=\"padding-left: 120px;\"><strong><span style=\"color: #00ff00;\">Jessica Benter<\/span><\/strong><\/p>\n<p style=\"padding-left: 120px;\"><strong><span style=\"color: #00ff00;\">Tuba Koymen<\/span><\/strong><\/p>\n<p style=\"padding-left: 120px;\"><strong><span style=\"color: #00ff00;\">Irene Brok<\/span><\/strong><\/p>\n<p style=\"padding-left: 120px;\"><strong><span style=\"color: #00ff00;\">Banbha McCann<\/span><\/strong><\/p>\n<p>&nbsp;<\/p>\n<p>&nbsp;<\/p>\n<p>*Sabemos que es muy dif\u00edcil generar espacios de cuidado dentro de una convocatoria, pero queremos agradecer, de todo coraz\u00f3n, a todas las personas que nos han hecho llegar sus propuestas. Ha sido un placer leerlas, adentrarse en sus pr\u00e1cticas y entrar en contacto con ellas.","protected":false},"excerpt":{"rendered":"<p>En el marco de este jurado, se recibieron muchas solicitudes de artistas visuales de todo el mundo y un gran n\u00famero de ellas eran de una calidad impresionante. El jurado ha disfrutado mucho de todos los proyectos presentados y, una &hellip; <a href=\"https:\/\/canserrat.org\/es\/call-result-winter-spring-2022-residency-visual-artists\">Continuar<\/a><\/p>\n","protected":false},"author":4,"featured_media":6083,"comment_status":"closed","ping_status":"closed","sticky":false,"template":"","format":"standard","meta":{"_monsterinsights_skip_tracking":false,"_monsterinsights_sitenote_active":false,"_monsterinsights_sitenote_note":"","_monsterinsights_sitenote_category":0,"footnotes":""},"categories":[22,37],"tags":[],"_links":{"self":[{"href":"https:\/\/canserrat.org\/es\/wp-json\/wp\/v2\/posts\/6399"}],"collection":[{"href":"https:\/\/canserrat.org\/es\/wp-json\/wp\/v2\/posts"}],"about":[{"href":"https:\/\/canserrat.org\/es\/wp-json\/wp\/v2\/types\/post"}],"author":[{"embeddable":true,"href":"https:\/\/canserrat.org\/es\/wp-json\/wp\/v2\/users\/4"}],"replies":[{"embeddable":true,"href":"https:\/\/canserrat.org\/es\/wp-json\/wp\/v2\/comments?post=6399"}],"version-history":[{"count":7,"href":"https:\/\/canserrat.org\/es\/wp-json\/wp\/v2\/posts\/6399\/revisions"}],"predecessor-version":[{"id":6409,"href":"https:\/\/canserrat.org\/es\/wp-json\/wp\/v2\/posts\/6399\/revisions\/6409"}],"wp:featuredmedia":[{"embeddable":true,"href":"https:\/\/canserrat.org\/es\/wp-json\/wp\/v2\/media\/6083"}],"wp:attachment":[{"href":"https:\/\/canserrat.org\/es\/wp-json\/wp\/v2\/media?parent=6399"}],"wp:term":[{"taxonomy":"category","embeddable":true,"href":"https:\/\/canserrat.org\/es\/wp-json\/wp\/v2\/categories?post=6399"},{"taxonomy":"post_tag","embeddable":true,"href":"https:\/\/canserrat.org\/es\/wp-json\/wp\/v2\/tags?post=6399"}],"curies":[{"name":"wp","href":"https:\/\/api.w.org\/{rel}","templated":true}]}}