{"id":5645,"date":"2020-12-17T12:24:57","date_gmt":"2020-12-17T12:24:57","guid":{"rendered":"http:\/\/canserrat.org\/?p=5645"},"modified":"2025-07-04T13:54:25","modified_gmt":"2025-07-04T13:54:25","slug":"artresultsummer2021","status":"publish","type":"post","link":"https:\/\/canserrat.org\/es\/artresultsummer2021","title":{"rendered":"RESULTADO CONVOCATORIA &#8211; Verano 2021 &#8211; arte contempor\u00e1neo"},"content":{"rendered":"<div class=\"tlid-input input\">\n<div class=\"source-wrap\">\n<div class=\"input-full-height-wrapper tlid-input-full-height-wrapper\">\n<div class=\"source-input\">\n<div class=\"source-footer-wrap source-or-target-footer\">\n<div class=\"character-count tlid-character-count\"><span class=\"\" title=\"\">En el marco de este jurado, se recibieron muchas solicitudes de escritorxs de todo el mundo y un gran n\u00famero de ellas fueron de una calidad impresionante.<\/span> <span title=\"\">El jurado pas\u00f3 varias horas debatiendo y seleccion\u00f3 1 propuesta para integrar el programa de residencia (1 beca completa).<\/span> Vista la situaci\u00f3n sanitarias y su consecuencias sociales y econ\u00f3micas, Can Serrat se ve en la obligaci\u00f3n de modificar sus calendario de convocatorias para 2021 y el numero habituales de becas parciales previstas seg\u00fan cada modalidad. El equipo de la residencia esta en discusi\u00f3n y a la escucha de la evoluci\u00f3n de la situaci\u00f3n sanitaria para terminar de definir el calendario de convocatorias y becas completas y parciales, previstas para 2022.<\/div>\n<\/div>\n<\/div>\n<\/div>\n<\/div>\n<\/div>\n<div><\/div>\n<div>\n<p>&nbsp;<\/p>\n<p><strong>Jurado:<\/strong><\/p>\n<p><span style=\"font-weight: 400;\">Clara Gari _ gestora cultural y directora de Nau C\u00f4clea (Girona)<\/span><\/p>\n<p><span style=\"font-weight: 400;\">Laura Bel _ gestora cultural, y coordinadora de del colectivo obertencanal (Esparreguera)<\/span><\/p>\n<p><span style=\"font-weight: 400;\">Sophie Blais y Sarah Goodchild Robb _ CAN SERRAT<\/span><\/p>\n<p>&nbsp;<\/p>\n<p>BECA COMPLETA &#8212;<\/p>\n<p style=\"padding-left: 160px;\"><strong><span style=\"color: #00ff00;\">Charlotte Nordgren Sewell<\/span><\/strong><\/p>\n<\/div>\n<p>&nbsp;<\/p>\n<p>As\u00ed mismo, el jurado ha valorado muy positivamente las propuestas de*\u00a0&#8212;<\/p>\n<p style=\"padding-left: 160px;\"><strong><span style=\"color: #00ff00;\">Chlo\u00e9 Mossessian &amp; Henry Mittnacht<\/span><\/strong><\/p>\n<p style=\"padding-left: 160px;\"><strong><span style=\"color: #00ff00;\">Mayana Nell Torres<\/span><\/strong><\/p>\n<p style=\"padding-left: 160px;\"><strong><span style=\"color: #00ff00;\">Clint Wilson<\/span><\/strong><\/p>\n<p style=\"padding-left: 160px;\"><strong><span style=\"color: #00ff00;\">Zineb Akabbouch<\/span><\/strong><\/p>\n<p style=\"padding-left: 160px;\"><strong><span style=\"color: #00ff00;\">Mallory Lowe Mpoka<\/span><\/strong><\/p>\n<p style=\"padding-left: 160px;\"><strong><span style=\"color: #00ff00;\">Geraint Rhys<\/span><\/strong><\/p>\n<p>*Sabemos que es muy dif\u00edcil generar espacios de cuidado dentro de una convocatoria, pero queremos agradecer, de todo coraz\u00f3n, a todas las personas que nos han hecho llegar sus propuestas. Ha sido un placer leerlas, adentrarse en sus pr\u00e1cticas y entrar en contacto con ellas.","protected":false},"excerpt":{"rendered":"<p>En el marco de este jurado, se recibieron muchas solicitudes de escritorxs de todo el mundo y un gran n\u00famero de ellas fueron de una calidad impresionante. El jurado pas\u00f3 varias horas debatiendo y seleccion\u00f3 1 propuesta para integrar el &hellip; <a href=\"https:\/\/canserrat.org\/es\/artresultsummer2021\">Continuar<\/a><\/p>\n","protected":false},"author":3,"featured_media":0,"comment_status":"closed","ping_status":"closed","sticky":false,"template":"","format":"standard","meta":{"_monsterinsights_skip_tracking":false,"_monsterinsights_sitenote_active":false,"_monsterinsights_sitenote_note":"","_monsterinsights_sitenote_category":0,"footnotes":""},"categories":[37],"tags":[],"_links":{"self":[{"href":"https:\/\/canserrat.org\/es\/wp-json\/wp\/v2\/posts\/5645"}],"collection":[{"href":"https:\/\/canserrat.org\/es\/wp-json\/wp\/v2\/posts"}],"about":[{"href":"https:\/\/canserrat.org\/es\/wp-json\/wp\/v2\/types\/post"}],"author":[{"embeddable":true,"href":"https:\/\/canserrat.org\/es\/wp-json\/wp\/v2\/users\/3"}],"replies":[{"embeddable":true,"href":"https:\/\/canserrat.org\/es\/wp-json\/wp\/v2\/comments?post=5645"}],"version-history":[{"count":1,"href":"https:\/\/canserrat.org\/es\/wp-json\/wp\/v2\/posts\/5645\/revisions"}],"predecessor-version":[{"id":5646,"href":"https:\/\/canserrat.org\/es\/wp-json\/wp\/v2\/posts\/5645\/revisions\/5646"}],"wp:attachment":[{"href":"https:\/\/canserrat.org\/es\/wp-json\/wp\/v2\/media?parent=5645"}],"wp:term":[{"taxonomy":"category","embeddable":true,"href":"https:\/\/canserrat.org\/es\/wp-json\/wp\/v2\/categories?post=5645"},{"taxonomy":"post_tag","embeddable":true,"href":"https:\/\/canserrat.org\/es\/wp-json\/wp\/v2\/tags?post=5645"}],"curies":[{"name":"wp","href":"https:\/\/api.w.org\/{rel}","templated":true}]}}