{"id":3832,"date":"2019-08-02T14:43:32","date_gmt":"2019-08-02T14:43:32","guid":{"rendered":"http:\/\/canserrat.org\/?p=3832"},"modified":"2019-11-06T13:29:56","modified_gmt":"2019-11-06T13:29:56","slug":"danica-olders","status":"publish","type":"post","link":"https:\/\/canserrat.org\/es\/danica-olders","title":{"rendered":"Danica Olders"},"content":{"rendered":"<span data-sheets-value=\"{&quot;1&quot;:2,&quot;2&quot;:&quot;Danica Olders is a Montreal based visual artist. She completed a BFA, majoring in textiles with a minor in fashion at the Nova Scotia College of Art and Design University in 2011. Her multi-disciplinary practice combines textile practices with painting, digital animation and installation. \\nOlders\u2019 last two exhibitions were abroad, the most recent, March 2018, was in Mexico City at Loot Lab, where she and James Benjamin put together an audio visual installation involving multiple projections and live analog performance by Benjamin. And just before during the summer\/fall of 2017 she completed a visual arts residency at Fusion Art Gallery in Torino, Italy, where she focused on painting colourful faces and installing them throughout the city. For the closing exhibition she designed an immersive audio installation with the faces painted inside and a vintage toy outer design. The installation \\&quot;Mappa Mondo,\\&quot; was a 12 sided carousel, suspended from the ceiling in which the viewer could spin it from the outside and enter by ducking, and alter their experience or those of others inside with the force of rotation.\\nOlders has worked with numerous musical and visual artists creating costumes, album artwork and music videos. She has participated in two (2016\/2017) wearable art shows at Montreal\u2019s Never Apart Gallery and has been instrumental in the conception and art direction of various establishments in Montreal such as Le Mal Necessaire and Bar Kabinet, designing and producing murals, signage and silk screened wallpaper.&quot;}\" data-sheets-userformat=\"{&quot;2&quot;:513,&quot;3&quot;:{&quot;1&quot;:0},&quot;12&quot;:0}\"><img decoding=\"async\" loading=\"lazy\" class=\"size-medium wp-image-3834 aligncenter\" src=\"http:\/\/canserrat.org\/wp-content\/uploads\/2019\/08\/Danic-Olders-300x237.jpg\" alt=\"\" width=\"300\" height=\"237\" srcset=\"https:\/\/canserrat.org\/wp-content\/uploads\/2019\/08\/Danic-Olders-300x237.jpg 300w, https:\/\/canserrat.org\/wp-content\/uploads\/2019\/08\/Danic-Olders-506x400.jpg 506w, https:\/\/canserrat.org\/wp-content\/uploads\/2019\/08\/Danic-Olders.jpg 787w\" sizes=\"(max-width: 300px) 100vw, 300px\" \/><\/span><\/p>\n<p>&nbsp;<\/p>\n<p>Danica Olders es una artista visual con sede en Montreal. En 2011 complet\u00f3 un BFA, especializ\u00e1ndose en textiles con especializaci\u00f3n en moda en la Universidad de Arte y Dise\u00f1o de Nueva Escocia. Su pr\u00e1ctica multidisciplinaria combina pr\u00e1cticas textiles con pintura, animaci\u00f3n digital e instalaci\u00f3n.<\/p>\n<p>Las \u00faltimas dos exhibiciones de los antiguos expositores fueron en el extranjero, el m\u00e1s reciente, marzo de 2018, fue en la Ciudad de M\u00e9xico en Loot Lab, donde ella y James Benjamin montaron una instalaci\u00f3n audiovisual que inclu\u00eda m\u00faltiples proyecciones y presentaciones anal\u00f3gicas en vivo de Benjamin. Justo antes, durante el verano \/ oto\u00f1o de 2017, complet\u00f3 una residencia de artes visuales en la Galer\u00eda de Arte Fusion en Torino, Italia, donde se centr\u00f3 en pintar caras coloridas e instalarlas en toda la ciudad. Para la exposici\u00f3n de clausura, dise\u00f1\u00f3 una instalaci\u00f3n de audio inmersiva con las caras pintadas en el interior y un dise\u00f1o exterior de juguete vintage. La instalaci\u00f3n <em>Mappa Mondo<\/em>, era un carrusel de 12 lados, suspendido del techo en el cual el espectador pod\u00eda girarlo desde afuera y entrar agach\u00e1ndose, alterando su experiencia o la de los dem\u00e1s dentro con la fuerza de rotaci\u00f3n.<\/p>\n<p>Olders a trabajado con numerosos artistas musicales y visuales creando disfraces, car\u00e1tulas de \u00e1lbumes y videos musicales. Ha participado en dos\u00a0 exposiciones de arte ponible en la Galer\u00eda Never Apart de Montreal durante 2016 y 2017. Tambien ha sido instrumental en la concepci\u00f3n y direcci\u00f3n de arte de varios establecimientos en Montreal, como <em>Le Mal Necessaire<\/em> y <em>Bar Kabinet<\/em>, dise\u00f1ando y produciendo murales, carteles y papel pintado serigrafiado.<\/p>\n<p>Puedes descubrir m\u00e1s sobre su trabajo en los links acontinuaci\u00f3n:<\/p>\n<p>&nbsp;<\/p>\n<p style=\"text-align: center;\"><strong><span style=\"color: #0000ff;\">\/\/\/\/\u00a0<\/span><\/strong> <a href=\"http:\/\/danicaolders.com\/\" target=\"_blank\" rel=\"noopener noreferrer\">http:\/\/danicaolders.com<\/a>\/<a href=\"http:\/\/danicaolders.com\" target=\"_blank\" rel=\"noopener noreferrer\">\u00a0<\/a> <strong><span style=\"color: #0000ff;\">\u00a0&#8212;-\u00a0<\/span> <\/strong>\u00a0<a href=\"https:\/\/soundcloud.com\/wasabibi\/mappamondohttps:\/\/\" target=\"_blank\" rel=\"noopener noreferrer\">https:\/\/soundcloud.com\/wasabibi\/mappamondohttps:\/\/<\/a>\u00a0<span style=\"color: #0000ff;\"><strong> \u00a0&#8212;&#8211;\u00a0 \u00a0<\/strong><\/span><a href=\"http:\/\/www.mixcloud.com\/n10as\/playlists\/friend-hour-with-friends\/\" target=\"_blank\" rel=\"noopener noreferrer\">www.mixcloud.com\/n10as\/playlists\/friend-hour-with-friends\/<\/a>\u00a0 <span style=\"color: #0000ff;\"><strong>&#8212;<\/strong><\/span><a href=\"http:\/\/amoveablehead.tumblr.com\/\" target=\"_blank\" rel=\"noopener noreferrer\">http:\/\/amoveablehead.tumblr.com\/<\/a>\u00a0 <span style=\"color: #0000ff;\"><strong>\u00a0&#8212;&#8211;\u00a0<\/strong> <\/span>\u00a0<a href=\"http:\/\/vangoworld.tumblr.com\/\" target=\"_blank\" rel=\"noopener noreferrer\">http:\/\/vangoworld.tumblr.com\/<\/a>\u00a0 <span style=\"color: #0000ff;\"><strong>\u00a0\/\/\/\/<\/strong><\/span><\/p>\n<p>&nbsp;<\/p>\n<p>Residente en Can Serrat del 30\/08 al 28\/09\/2019<\/p>\n<p>&nbsp;<\/p>\n<h4><span style=\"color: #33cccc;\">Sobre su proceso de trabajo en la residencia &gt;&gt;&gt;<\/span><\/h4>\n<iframe src=\"\/\/docs.google.com\/viewer?url=http%3A%2F%2Fcanserrat.org%2Fwp-content%2Fuploads%2F2019%2F08%2Fcheck-point-danicaolders-2019-Danica-Olders.pdf&hl=es&embedded=true\" class=\"gde-frame\" style=\"width:100%; height:500px; border: none;\" scrolling=\"no\"><\/iframe>\n<p class=\"gde-text\"><a href=\"http:\/\/canserrat.org\/wp-content\/uploads\/2019\/08\/check-point-danicaolders-2019-Danica-Olders.pdf\" class=\"gde-link\">Descargar (PDF, 27KB)<\/a><\/p>","protected":false},"excerpt":{"rendered":"<p>&nbsp; Danica Olders es una artista visual con sede en Montreal. En 2011 complet\u00f3 un BFA, especializ\u00e1ndose en textiles con especializaci\u00f3n en moda en la Universidad de Arte y Dise\u00f1o de Nueva Escocia. Su pr\u00e1ctica multidisciplinaria combina pr\u00e1cticas textiles con &hellip; <a href=\"https:\/\/canserrat.org\/es\/danica-olders\">Continuar<\/a><\/p>\n","protected":false},"author":4,"featured_media":3834,"comment_status":"closed","ping_status":"closed","sticky":false,"template":"","format":"standard","meta":{"_monsterinsights_skip_tracking":false,"_monsterinsights_sitenote_active":false,"_monsterinsights_sitenote_note":"","_monsterinsights_sitenote_category":0,"footnotes":""},"categories":[10,11],"tags":[],"_links":{"self":[{"href":"https:\/\/canserrat.org\/es\/wp-json\/wp\/v2\/posts\/3832"}],"collection":[{"href":"https:\/\/canserrat.org\/es\/wp-json\/wp\/v2\/posts"}],"about":[{"href":"https:\/\/canserrat.org\/es\/wp-json\/wp\/v2\/types\/post"}],"author":[{"embeddable":true,"href":"https:\/\/canserrat.org\/es\/wp-json\/wp\/v2\/users\/4"}],"replies":[{"embeddable":true,"href":"https:\/\/canserrat.org\/es\/wp-json\/wp\/v2\/comments?post=3832"}],"version-history":[{"count":2,"href":"https:\/\/canserrat.org\/es\/wp-json\/wp\/v2\/posts\/3832\/revisions"}],"predecessor-version":[{"id":4304,"href":"https:\/\/canserrat.org\/es\/wp-json\/wp\/v2\/posts\/3832\/revisions\/4304"}],"wp:featuredmedia":[{"embeddable":true,"href":"https:\/\/canserrat.org\/es\/wp-json\/wp\/v2\/media\/3834"}],"wp:attachment":[{"href":"https:\/\/canserrat.org\/es\/wp-json\/wp\/v2\/media?parent=3832"}],"wp:term":[{"taxonomy":"category","embeddable":true,"href":"https:\/\/canserrat.org\/es\/wp-json\/wp\/v2\/categories?post=3832"},{"taxonomy":"post_tag","embeddable":true,"href":"https:\/\/canserrat.org\/es\/wp-json\/wp\/v2\/tags?post=3832"}],"curies":[{"name":"wp","href":"https:\/\/api.w.org\/{rel}","templated":true}]}}