{"id":3677,"date":"2019-06-10T10:08:52","date_gmt":"2019-06-10T10:08:52","guid":{"rendered":"http:\/\/canserrat.org\/?p=3677"},"modified":"2019-11-06T13:08:06","modified_gmt":"2019-11-06T13:08:06","slug":"ben-simmons","status":"publish","type":"post","link":"https:\/\/canserrat.org\/es\/ben-simmons","title":{"rendered":"Ben Simmons"},"content":{"rendered":"<img decoding=\"async\" loading=\"lazy\" class=\"size-medium wp-image-3678 aligncenter\" src=\"http:\/\/canserrat.org\/wp-content\/uploads\/2019\/06\/ben-simmons-300x226.jpg\" alt=\"\" width=\"300\" height=\"226\" srcset=\"https:\/\/canserrat.org\/wp-content\/uploads\/2019\/06\/ben-simmons-300x226.jpg 300w, https:\/\/canserrat.org\/wp-content\/uploads\/2019\/06\/ben-simmons.jpg 999w\" sizes=\"(max-width: 300px) 100vw, 300px\" \/><\/p>\n<p>&nbsp;<\/p>\n<p>Escritor y m\u00fasico, Ben Simmons naci\u00f3 en Belfast en 1988 y creci\u00f3 en el noroeste de Donegal. Sus poes\u00edas han sido incluidas en varias publicaciones de <em>Beautiful Dragons Collaborations, <\/em>en la revista literaria <em>S<\/em><em>tand y<\/em>\u00a0en la revista de poes\u00eda <em>Templar Iota.<\/em>\u00a0En 2016, Ben tambi\u00e9n se incluy\u00f3 en la serie de Introducci\u00f3n de <em>The Poetry Ireland<\/em>. Como m\u00fasico ha tocado en lugares de Irlanda y el Reino Unido con artistas como <em>St. Simeon<\/em>, <em>the<\/em><em> Stylites<\/em> y <em>Emer Maguire<\/em>.<\/p>\n<p>&nbsp;<\/p>\n<p><strong><span style=\"color: #0000ff;\">\/\/\/\/\u00a0<\/span> <\/strong>\u00a0 <a href=\"https:\/\/www.irishtimes.com\/culture\/books\/under-30-under-pressure-1.1335715\" target=\"_blank\" rel=\"noopener noreferrer\">https:\/\/www.irishtimes.com\/culture\/books\/under-30-under-pressure-1.1335715\u00a0<\/a><strong><span style=\"color: #0000ff;\"> \u00a0 \/\/\/\/<\/span><\/strong><\/p>\n<p>&nbsp;<\/p>\n<p>Residente en Can Serrat del 1 al 23\/07\/2019<\/p>\n<p>&nbsp;<\/p>\n<h4><span style=\"color: #33cccc;\">Sobre su proceso de trabajo en la residencia &gt;&gt;&gt;<\/span><\/h4>\n<iframe src=\"\/\/docs.google.com\/viewer?url=http%3A%2F%2Fcanserrat.org%2Fwp-content%2Fuploads%2F2019%2F06%2Fcheck-point-BenSimmons-2019-Ben-Simmons.pdf&hl=es&embedded=true\" class=\"gde-frame\" style=\"width:100%; height:500px; border: none;\" scrolling=\"no\"><\/iframe>\n<p class=\"gde-text\"><a href=\"http:\/\/canserrat.org\/wp-content\/uploads\/2019\/06\/check-point-BenSimmons-2019-Ben-Simmons.pdf\" class=\"gde-link\">Descargar (PDF, 82KB)<\/a><\/p>\n<p>&nbsp;","protected":false},"excerpt":{"rendered":"<p>&nbsp; Escritor y m\u00fasico, Ben Simmons naci\u00f3 en Belfast en 1988 y creci\u00f3 en el noroeste de Donegal. Sus poes\u00edas han sido incluidas en varias publicaciones de Beautiful Dragons Collaborations, en la revista literaria Stand y\u00a0en la revista de poes\u00eda &hellip; <a href=\"https:\/\/canserrat.org\/es\/ben-simmons\">Continuar<\/a><\/p>\n","protected":false},"author":4,"featured_media":3678,"comment_status":"closed","ping_status":"closed","sticky":false,"template":"","format":"standard","meta":{"_monsterinsights_skip_tracking":false,"_monsterinsights_sitenote_active":false,"_monsterinsights_sitenote_note":"","_monsterinsights_sitenote_category":0,"footnotes":""},"categories":[10,11],"tags":[],"_links":{"self":[{"href":"https:\/\/canserrat.org\/es\/wp-json\/wp\/v2\/posts\/3677"}],"collection":[{"href":"https:\/\/canserrat.org\/es\/wp-json\/wp\/v2\/posts"}],"about":[{"href":"https:\/\/canserrat.org\/es\/wp-json\/wp\/v2\/types\/post"}],"author":[{"embeddable":true,"href":"https:\/\/canserrat.org\/es\/wp-json\/wp\/v2\/users\/4"}],"replies":[{"embeddable":true,"href":"https:\/\/canserrat.org\/es\/wp-json\/wp\/v2\/comments?post=3677"}],"version-history":[{"count":3,"href":"https:\/\/canserrat.org\/es\/wp-json\/wp\/v2\/posts\/3677\/revisions"}],"predecessor-version":[{"id":4296,"href":"https:\/\/canserrat.org\/es\/wp-json\/wp\/v2\/posts\/3677\/revisions\/4296"}],"wp:featuredmedia":[{"embeddable":true,"href":"https:\/\/canserrat.org\/es\/wp-json\/wp\/v2\/media\/3678"}],"wp:attachment":[{"href":"https:\/\/canserrat.org\/es\/wp-json\/wp\/v2\/media?parent=3677"}],"wp:term":[{"taxonomy":"category","embeddable":true,"href":"https:\/\/canserrat.org\/es\/wp-json\/wp\/v2\/categories?post=3677"},{"taxonomy":"post_tag","embeddable":true,"href":"https:\/\/canserrat.org\/es\/wp-json\/wp\/v2\/tags?post=3677"}],"curies":[{"name":"wp","href":"https:\/\/api.w.org\/{rel}","templated":true}]}}