{"id":3283,"date":"2019-03-22T12:16:43","date_gmt":"2019-03-22T12:16:43","guid":{"rendered":"http:\/\/canserrat.org\/?p=3283"},"modified":"2020-02-03T16:13:13","modified_gmt":"2020-02-03T16:13:13","slug":"tomas-browne","status":"publish","type":"post","link":"https:\/\/canserrat.org\/es\/tomas-browne","title":{"rendered":"Tomas Browne"},"content":{"rendered":"<img decoding=\"async\" loading=\"lazy\" class=\" wp-image-3285 aligncenter\" src=\"http:\/\/canserrat.org\/wp-content\/uploads\/2019\/03\/tomas-199x300.jpg\" alt=\"\" width=\"180\" height=\"273\" \/><\/p>\n<p><span style=\"font-weight: 400;\">Tom\u00e1s Browne (Vi\u00f1a del Mar, Chile, 1982) <\/span><\/p>\n<p><span style=\"font-weight: 400;\">Quiere recuperar el trauma del escritor como un ni\u00f1o con problemas de lenguaje y trastorno de hiperactividad por d\u00e9ficit de atenci\u00f3n. Esta b\u00fasqueda le llev\u00f3 a encontrar protecci\u00f3n en la poes\u00eda y explorar nociones tales como tonter\u00edas, escritura as\u00e9mica y transgresi\u00f3n. Su libro Revelaciones de una Ciudadana de Inicios (M\u00e9xico DF: Verso Destierro, 2012) gan\u00f3 el Premio Poes\u00eda Transgresora Latinoamericana en 2012. En 2016 obtuvo la Beca de Creaci\u00f3n Literaria otorgada por el Consejo Nacional de Cultura y Artes de Chile para escribir mi libro Definiciones (Punta Arenas: Chancacazo Publicaciones, de pr\u00f3xima publicaci\u00f3n). A publicado otros cuatro libros de poes\u00eda: Silbar los Viajes (Barcelona: Editorial Comba, 2017), Las Semillas de Urano (Barcelona: Editorial Comba, 2014), Excursi\u00f3n a los Sucesos (Santiago de Chile: Luci\u00e9rnaga Ediciones, 2008) y Trazar con voz (Santiago de Chile: Colecci\u00f3n Foro de Escritores, 2004). Existe una estrecha relaci\u00f3n entre su poes\u00eda y su arte visual, que fomenta la experimentaci\u00f3n con el lenguaje y muestra la fragilidad del mundo natural manifestada como degradaci\u00f3n ambiental. Algunos ejemplos son Fuego de C\u00e9sares (seleccionado por el Consejo Nacional de Cultura y Artes de Chile para representar a la Regi\u00f3n de Magallanes y Ant\u00e1rtica Chilena en una exposici\u00f3n nacional en el Centro de Artes Matucana 100), y sus exposiciones individuales Micopoiesis (Galer\u00eda Patricia Ready, Santiago de Chile, 2018) y Antropoc\u00e9ano (La Galer\u00eda, Punta Arenas, Chile, 2016).<\/span><\/p>\n<p><span style=\"color: #0000ff;\">\/\/\/\u00a0<\/span> <a href=\"http:\/\/www.tomasbrowne.net\" target=\"_blank\" rel=\"noopener noreferrer\">www.tomasbrowne.net<\/a>\u00a0<span style=\"color: #0000ff;\"> \/\/\/<\/span><\/p>\n<p>Residente en Can Serrat del 1 &#8211; 31\/05\/2019<\/p>\n<p>&nbsp;<\/p>\n<h4><span style=\"color: #33cccc;\">Sobre su proceso de trabajo en la residencia &gt;&gt;<\/span><\/h4>\n<iframe src=\"\/\/docs.google.com\/viewer?url=http%3A%2F%2Fcanserrat.org%2Fwp-content%2Fuploads%2F2019%2F03%2FBIELTS_Tomas-Browne_3-06-2019.pdf&hl=es&embedded=true\" class=\"gde-frame\" style=\"width:100%; height:500px; border: none;\" scrolling=\"no\"><\/iframe>\n<p class=\"gde-text\"><a href=\"http:\/\/canserrat.org\/wp-content\/uploads\/2019\/03\/BIELTS_Tomas-Browne_3-06-2019.pdf\" class=\"gde-link\">Descargar (PDF, 2.24MB)<\/a><\/p>","protected":false},"excerpt":{"rendered":"<p>Tom\u00e1s Browne (Vi\u00f1a del Mar, Chile, 1982) Quiere recuperar el trauma del escritor como un ni\u00f1o con problemas de lenguaje y trastorno de hiperactividad por d\u00e9ficit de atenci\u00f3n. Esta b\u00fasqueda le llev\u00f3 a encontrar protecci\u00f3n en la poes\u00eda y explorar &hellip; <a href=\"https:\/\/canserrat.org\/es\/tomas-browne\">Continuar<\/a><\/p>\n","protected":false},"author":4,"featured_media":3285,"comment_status":"closed","ping_status":"closed","sticky":false,"template":"","format":"standard","meta":{"_monsterinsights_skip_tracking":false,"_monsterinsights_sitenote_active":false,"_monsterinsights_sitenote_note":"","_monsterinsights_sitenote_category":0,"footnotes":""},"categories":[10,11],"tags":[],"_links":{"self":[{"href":"https:\/\/canserrat.org\/es\/wp-json\/wp\/v2\/posts\/3283"}],"collection":[{"href":"https:\/\/canserrat.org\/es\/wp-json\/wp\/v2\/posts"}],"about":[{"href":"https:\/\/canserrat.org\/es\/wp-json\/wp\/v2\/types\/post"}],"author":[{"embeddable":true,"href":"https:\/\/canserrat.org\/es\/wp-json\/wp\/v2\/users\/4"}],"replies":[{"embeddable":true,"href":"https:\/\/canserrat.org\/es\/wp-json\/wp\/v2\/comments?post=3283"}],"version-history":[{"count":6,"href":"https:\/\/canserrat.org\/es\/wp-json\/wp\/v2\/posts\/3283\/revisions"}],"predecessor-version":[{"id":4287,"href":"https:\/\/canserrat.org\/es\/wp-json\/wp\/v2\/posts\/3283\/revisions\/4287"}],"wp:featuredmedia":[{"embeddable":true,"href":"https:\/\/canserrat.org\/es\/wp-json\/wp\/v2\/media\/3285"}],"wp:attachment":[{"href":"https:\/\/canserrat.org\/es\/wp-json\/wp\/v2\/media?parent=3283"}],"wp:term":[{"taxonomy":"category","embeddable":true,"href":"https:\/\/canserrat.org\/es\/wp-json\/wp\/v2\/categories?post=3283"},{"taxonomy":"post_tag","embeddable":true,"href":"https:\/\/canserrat.org\/es\/wp-json\/wp\/v2\/tags?post=3283"}],"curies":[{"name":"wp","href":"https:\/\/api.w.org\/{rel}","templated":true}]}}