{"id":2183,"date":"2018-04-03T17:05:10","date_gmt":"2018-04-03T17:05:10","guid":{"rendered":"http:\/\/canserrat.org\/?p=2183"},"modified":"2019-11-05T12:21:13","modified_gmt":"2019-11-05T12:21:13","slug":"maluy-benet","status":"publish","type":"post","link":"https:\/\/canserrat.org\/es\/maluy-benet","title":{"rendered":"Maluy Benet"},"content":{"rendered":"&nbsp;<\/p>\n<p><span style=\"font-weight: 400;\">Autora de diversos libros de texto <\/span><i><span style=\"font-weight: 400;\">Xicalla <\/span><\/i><span style=\"font-weight: 400;\">(Ed. Barcanova); <\/span><i><span style=\"font-weight: 400;\">Llengua 3 <\/span><\/i><span style=\"font-weight: 400;\">(Ed. Anaya), adaptaciones <\/span><i><span style=\"font-weight: 400;\">Vet-ho-ac\u00ed<\/span><\/i><span style=\"font-weight: 400;\">, <\/span><i><span style=\"font-weight: 400;\">Tres i no res<\/span><\/i><span style=\"font-weight: 400;\"> (Ed. Onda), etc. En <\/span><i><span style=\"font-weight: 400;\">Un passeig sentimental per l\u2019Escola les Carolines<\/span><\/i><span style=\"font-weight: 400;\"> recog\u00ed mi etapa como ense\u00f1ante. He colaborado en algunas publicaciones peri\u00f3dicas <\/span><i><span style=\"font-weight: 400;\">Papers<\/span><\/i><span style=\"font-weight: 400;\">, <\/span><i><span style=\"font-weight: 400;\">Sa\u00f3<\/span><\/i><span style=\"font-weight: 400;\">, <\/span><i><span style=\"font-weight: 400;\">Perspectiva Escolar<\/span><\/i><span style=\"font-weight: 400;\">, <\/span><i><span style=\"font-weight: 400;\">Abalorio<\/span><\/i><span style=\"font-weight: 400;\">, etc.<\/span><i><span style=\"font-weight: 400;\"> Y<\/span><\/i><span style=\"font-weight: 400;\"> he recibido diversos galardones como los XIII Premis Literaris Ciutat de X\u00e0tiva, L\u2019Encobert, IX Premis Literaris de l\u2019Alc\u00fadia, 2\u00ba Premi Conta\u2019m Dona, etc. Autora de narrativa infantil <\/span><i><span style=\"font-weight: 400;\">Els visitants de Mont-virolat <\/span><\/i><span style=\"font-weight: 400;\">(Ed. La Nau) y literatura juvenil <\/span><i><span style=\"font-weight: 400;\">L\u2019\u00faltim parad\u00eds<\/span><\/i><span style=\"font-weight: 400;\">,<\/span><i><span style=\"font-weight: 400;\"> Missatge en un rellotge<\/span><\/i><span style=\"font-weight: 400;\"> y <\/span><i><span style=\"font-weight: 400;\">Un caf\u00e9 sol <\/span><\/i><span style=\"font-weight: 400;\">(Tabarca Llibres). He participado en la publicaci\u00f3n <\/span><i><span style=\"font-weight: 400;\">Mil\u00b7lenni<\/span><\/i><span style=\"font-weight: 400;\">. La novela colectiva <\/span><i><span style=\"font-weight: 400;\">Hostes <\/span><\/i><span style=\"font-weight: 400;\">(Ed. Marfil) es fruto del trabajo del Cercle d\u2019Escriptura formado por cinco escritores. <\/span><i><span style=\"font-weight: 400;\">\u00a0<\/span><\/i><\/p>\n<p><span style=\"font-weight: 400;\">Como traductora e int\u00e9rprete jurada he realizado \u00a0textos de ficci\u00f3n (teatro, novela, cuentos infantiles\u2026) y de no ficci\u00f3n. <\/span><\/p>\n<p><span style=\"font-weight: 400;\">He ilustrado con fotograf\u00edas el libro <\/span><i><span style=\"font-weight: 400;\">Sentiments<\/span><\/i><span style=\"font-weight: 400;\"> (Grupo 10), he colaborado en la realizaci\u00f3n del libro de fotograf\u00eda <\/span><i><span style=\"font-weight: 400;\">La Comunitat Valenciana<\/span><\/i><span style=\"font-weight: 400;\"> de Cristopher Makos, en la exposici\u00f3n de Sebasti\u00e3o Salgado en la Biennal de Valencia y he llevado mi exposici\u00f3n de fotograf\u00eda <\/span><i><span style=\"font-weight: 400;\">Pres\u00e8ncies<\/span><\/i><span style=\"font-weight: 400;\"> \u00a0por diversas salas de mi pa\u00eds.<\/span><\/p>\n<p>&nbsp;<\/p>\n<h4><span style=\"color: #33cccc;\">Sobre su proceso de trabajo en la residencia &gt;&gt;<\/span><\/h4>\n<iframe src=\"\/\/docs.google.com\/viewer?url=http%3A%2F%2Fcanserrat.org%2Fwp-content%2Fuploads%2F2018%2F04%2FCheckpoint-Maluy-Benet.pdf&hl=es&embedded=true\" class=\"gde-frame\" style=\"width:100%; height:500px; border: none;\" scrolling=\"no\"><\/iframe>\n<p class=\"gde-text\"><a href=\"http:\/\/canserrat.org\/wp-content\/uploads\/2018\/04\/Checkpoint-Maluy-Benet.pdf\" class=\"gde-link\">Descargar (PDF, 20KB)<\/a><\/p>","protected":false},"excerpt":{"rendered":"<p>&nbsp; Autora de diversos libros de texto Xicalla (Ed. Barcanova); Llengua 3 (Ed. Anaya), adaptaciones Vet-ho-ac\u00ed, Tres i no res (Ed. Onda), etc. En Un passeig sentimental per l\u2019Escola les Carolines recog\u00ed mi etapa como ense\u00f1ante. He colaborado en algunas &hellip; <a href=\"https:\/\/canserrat.org\/es\/maluy-benet\">Continuar<\/a><\/p>\n","protected":false},"author":3,"featured_media":2184,"comment_status":"closed","ping_status":"closed","sticky":false,"template":"","format":"standard","meta":{"_monsterinsights_skip_tracking":false,"_monsterinsights_sitenote_active":false,"_monsterinsights_sitenote_note":"","_monsterinsights_sitenote_category":0,"footnotes":""},"categories":[10,11],"tags":[],"_links":{"self":[{"href":"https:\/\/canserrat.org\/es\/wp-json\/wp\/v2\/posts\/2183"}],"collection":[{"href":"https:\/\/canserrat.org\/es\/wp-json\/wp\/v2\/posts"}],"about":[{"href":"https:\/\/canserrat.org\/es\/wp-json\/wp\/v2\/types\/post"}],"author":[{"embeddable":true,"href":"https:\/\/canserrat.org\/es\/wp-json\/wp\/v2\/users\/3"}],"replies":[{"embeddable":true,"href":"https:\/\/canserrat.org\/es\/wp-json\/wp\/v2\/comments?post=2183"}],"version-history":[{"count":3,"href":"https:\/\/canserrat.org\/es\/wp-json\/wp\/v2\/posts\/2183\/revisions"}],"predecessor-version":[{"id":4259,"href":"https:\/\/canserrat.org\/es\/wp-json\/wp\/v2\/posts\/2183\/revisions\/4259"}],"wp:featuredmedia":[{"embeddable":true,"href":"https:\/\/canserrat.org\/es\/wp-json\/wp\/v2\/media\/2184"}],"wp:attachment":[{"href":"https:\/\/canserrat.org\/es\/wp-json\/wp\/v2\/media?parent=2183"}],"wp:term":[{"taxonomy":"category","embeddable":true,"href":"https:\/\/canserrat.org\/es\/wp-json\/wp\/v2\/categories?post=2183"},{"taxonomy":"post_tag","embeddable":true,"href":"https:\/\/canserrat.org\/es\/wp-json\/wp\/v2\/tags?post=2183"}],"curies":[{"name":"wp","href":"https:\/\/api.w.org\/{rel}","templated":true}]}}