{"id":8989,"date":"2025-07-10T10:48:16","date_gmt":"2025-07-10T10:48:16","guid":{"rendered":"https:\/\/canserrat.org\/?p=8989"},"modified":"2025-10-07T13:00:15","modified_gmt":"2025-10-07T13:00:15","slug":"paula-santa-vicente-perez","status":"publish","type":"post","link":"https:\/\/canserrat.org\/ca\/paula-santa-vicente-perez","title":{"rendered":"Paula Santa Vicente P\u00e9rez"},"content":{"rendered":"<img decoding=\"async\" loading=\"lazy\" class=\"size-medium wp-image-8990 aligncenter\" src=\"http:\/\/canserrat.org\/wp-content\/uploads\/2025\/07\/Imagen-de-WhatsApp-2025-02-07-a-las-20.17.05_63b5900f-paula-santa-vicente-perez-169x300.jpg\" alt=\"\" width=\"169\" height=\"300\" srcset=\"https:\/\/canserrat.org\/wp-content\/uploads\/2025\/07\/Imagen-de-WhatsApp-2025-02-07-a-las-20.17.05_63b5900f-paula-santa-vicente-perez-169x300.jpg 169w, https:\/\/canserrat.org\/wp-content\/uploads\/2025\/07\/Imagen-de-WhatsApp-2025-02-07-a-las-20.17.05_63b5900f-paula-santa-vicente-perez-576x1024.jpg 576w, https:\/\/canserrat.org\/wp-content\/uploads\/2025\/07\/Imagen-de-WhatsApp-2025-02-07-a-las-20.17.05_63b5900f-paula-santa-vicente-perez-864x1536.jpg 864w, https:\/\/canserrat.org\/wp-content\/uploads\/2025\/07\/Imagen-de-WhatsApp-2025-02-07-a-las-20.17.05_63b5900f-paula-santa-vicente-perez.jpg 1152w\" sizes=\"(max-width: 169px) 100vw, 169px\" \/><\/p>\n<p>&nbsp;<\/p>\n<p data-start=\"187\" data-end=\"545\">Paula Santa Vicente P\u00e9rez rep part del seu nom de la seva bes\u00e0via, a qui mai no va con\u00e8ixer per\u00f2 que la seva mare estimava molt. Va n\u00e9ixer a Salamanca i hi va estudiar fins que va voler trobar independ\u00e8ncia i beure te. Va viure prou temps a l\u2019Illa Maragda perqu\u00e8 la seva fam\u00edlia la comenc\u00e9s a anomenar \u201cl\u2019irlandesa\u201d. Despr\u00e9s va tornar a la seva ciutat natal.<\/p>\n<p data-start=\"547\" data-end=\"756\">\u00c9s apassionada del mar, i cada vegada que arriba a una costa, aquesta li demana que s\u2019hi quedi. Li agrada l\u2019olor de sal i viure terra endins. Sempre vesteix de lila, un color amb el qual s\u2019identifica i conviu.<\/p>\n<p data-start=\"758\" data-end=\"1007\">T\u00e9 una germana bessona que, si hagu\u00e9s d\u2019escriure una biografia com aquesta, no podria esmentar noms, illes, mars, colors ni animals. Paula escriu, en part, per aix\u00f2: per deixar const\u00e0ncia que, malgrat la semblan\u00e7a f\u00edsica, s\u00f3n completament diferents.<\/p>\n<p data-start=\"1009\" data-end=\"1081\">Es poden llegir m\u00e9s dels seus escrits al compte d\u2019Instagram @relatos.qwe<\/p>\n<p data-start=\"1083\" data-end=\"1150\">Paula Santa far\u00e0 la seva resid\u00e8ncia durant el mes d\u2019agost del 2025.<\/p>","protected":false},"excerpt":{"rendered":"<p>&nbsp; Paula Santa Vicente P\u00e9rez rep part del seu nom de la seva bes\u00e0via, a qui mai no va con\u00e8ixer per\u00f2 que la seva mare estimava molt. Va n\u00e9ixer a Salamanca i hi va estudiar fins que va voler trobar &hellip; <a href=\"https:\/\/canserrat.org\/ca\/paula-santa-vicente-perez\">Continued<\/a><\/p>\n","protected":false},"author":4,"featured_media":8990,"comment_status":"closed","ping_status":"closed","sticky":false,"template":"","format":"standard","meta":{"_monsterinsights_skip_tracking":false,"_monsterinsights_sitenote_active":false,"_monsterinsights_sitenote_note":"","_monsterinsights_sitenote_category":0,"footnotes":""},"categories":[10,11],"tags":[],"_links":{"self":[{"href":"https:\/\/canserrat.org\/ca\/wp-json\/wp\/v2\/posts\/8989"}],"collection":[{"href":"https:\/\/canserrat.org\/ca\/wp-json\/wp\/v2\/posts"}],"about":[{"href":"https:\/\/canserrat.org\/ca\/wp-json\/wp\/v2\/types\/post"}],"author":[{"embeddable":true,"href":"https:\/\/canserrat.org\/ca\/wp-json\/wp\/v2\/users\/4"}],"replies":[{"embeddable":true,"href":"https:\/\/canserrat.org\/ca\/wp-json\/wp\/v2\/comments?post=8989"}],"version-history":[{"count":1,"href":"https:\/\/canserrat.org\/ca\/wp-json\/wp\/v2\/posts\/8989\/revisions"}],"predecessor-version":[{"id":8991,"href":"https:\/\/canserrat.org\/ca\/wp-json\/wp\/v2\/posts\/8989\/revisions\/8991"}],"wp:featuredmedia":[{"embeddable":true,"href":"https:\/\/canserrat.org\/ca\/wp-json\/wp\/v2\/media\/8990"}],"wp:attachment":[{"href":"https:\/\/canserrat.org\/ca\/wp-json\/wp\/v2\/media?parent=8989"}],"wp:term":[{"taxonomy":"category","embeddable":true,"href":"https:\/\/canserrat.org\/ca\/wp-json\/wp\/v2\/categories?post=8989"},{"taxonomy":"post_tag","embeddable":true,"href":"https:\/\/canserrat.org\/ca\/wp-json\/wp\/v2\/tags?post=8989"}],"curies":[{"name":"wp","href":"https:\/\/api.w.org\/{rel}","templated":true}]}}