{"id":8973,"date":"2025-07-10T10:15:19","date_gmt":"2025-07-10T10:15:19","guid":{"rendered":"https:\/\/canserrat.org\/?p=8973"},"modified":"2025-09-19T08:46:18","modified_gmt":"2025-09-19T08:46:18","slug":"virgilia-ferrao","status":"publish","type":"post","link":"https:\/\/canserrat.org\/ca\/virgilia-ferrao","title":{"rendered":"Virgilia Ferrao"},"content":{"rendered":"<p data-start=\"109\" data-end=\"678\"><img decoding=\"async\" loading=\"lazy\" class=\"size-medium wp-image-8974 aligncenter\" src=\"http:\/\/canserrat.org\/wp-content\/uploads\/2025\/07\/Virgilia-9-virgilia-ferrao-200x300.jpg\" alt=\"\" width=\"200\" height=\"300\" srcset=\"https:\/\/canserrat.org\/wp-content\/uploads\/2025\/07\/Virgilia-9-virgilia-ferrao-200x300.jpg 200w, https:\/\/canserrat.org\/wp-content\/uploads\/2025\/07\/Virgilia-9-virgilia-ferrao-683x1024.jpg 683w, https:\/\/canserrat.org\/wp-content\/uploads\/2025\/07\/Virgilia-9-virgilia-ferrao-1024x1536.jpg 1024w, https:\/\/canserrat.org\/wp-content\/uploads\/2025\/07\/Virgilia-9-virgilia-ferrao-1365x2048.jpg 1365w, https:\/\/canserrat.org\/wp-content\/uploads\/2025\/07\/Virgilia-9-virgilia-ferrao-scaled-534x800.jpg 534w, https:\/\/canserrat.org\/wp-content\/uploads\/2025\/07\/Virgilia-9-virgilia-ferrao-scaled-267x400.jpg 267w, https:\/\/canserrat.org\/wp-content\/uploads\/2025\/07\/Virgilia-9-virgilia-ferrao-scaled.jpg 1707w\" sizes=\"(max-width: 200px) 100vw, 200px\" \/><\/p>\n<p data-start=\"109\" data-end=\"678\">\n<p data-start=\"765\" data-end=\"1334\">El projecte de Virgilia \u00e9s una novel\u00b7la juvenil de caire futurista i fant\u00e0stic que se centra en un regne afric\u00e0 ocult al m\u00f3n i dues germanes bessones separades en n\u00e9ixer. Una d\u2019elles ha crescut en un pa\u00eds europeu, desconeixent el seu veritable origen i el seu llinatge reial, mentre es prepara, sense saber-ho, per heretar una tribu actualment governada per la seva germana. A mesura que es produeixen xocs pol\u00edtics i desperten f\u00f3rmules antigues amb el poder de curar l\u2019altra germana, aquest regne afric\u00e0 lluita per mantenir el seu paper secret envers la resta del m\u00f3n.<\/p>\n<p data-start=\"1336\" data-end=\"1400\">Virgilia far\u00e0 la seva resid\u00e8ncia durant el mes d\u2019agost del 2025.<\/p>","protected":false},"excerpt":{"rendered":"<p>El projecte de Virgilia \u00e9s una novel\u00b7la juvenil de caire futurista i fant\u00e0stic que se centra en un regne afric\u00e0 ocult al m\u00f3n i dues germanes bessones separades en n\u00e9ixer. Una d\u2019elles ha crescut en un pa\u00eds europeu, desconeixent el &hellip; <a href=\"https:\/\/canserrat.org\/ca\/virgilia-ferrao\">Continued<\/a><\/p>\n","protected":false},"author":4,"featured_media":8974,"comment_status":"closed","ping_status":"closed","sticky":false,"template":"","format":"standard","meta":{"_monsterinsights_skip_tracking":false,"_monsterinsights_sitenote_active":false,"_monsterinsights_sitenote_note":"","_monsterinsights_sitenote_category":0,"footnotes":""},"categories":[10,11],"tags":[],"_links":{"self":[{"href":"https:\/\/canserrat.org\/ca\/wp-json\/wp\/v2\/posts\/8973"}],"collection":[{"href":"https:\/\/canserrat.org\/ca\/wp-json\/wp\/v2\/posts"}],"about":[{"href":"https:\/\/canserrat.org\/ca\/wp-json\/wp\/v2\/types\/post"}],"author":[{"embeddable":true,"href":"https:\/\/canserrat.org\/ca\/wp-json\/wp\/v2\/users\/4"}],"replies":[{"embeddable":true,"href":"https:\/\/canserrat.org\/ca\/wp-json\/wp\/v2\/comments?post=8973"}],"version-history":[{"count":3,"href":"https:\/\/canserrat.org\/ca\/wp-json\/wp\/v2\/posts\/8973\/revisions"}],"predecessor-version":[{"id":9032,"href":"https:\/\/canserrat.org\/ca\/wp-json\/wp\/v2\/posts\/8973\/revisions\/9032"}],"wp:featuredmedia":[{"embeddable":true,"href":"https:\/\/canserrat.org\/ca\/wp-json\/wp\/v2\/media\/8974"}],"wp:attachment":[{"href":"https:\/\/canserrat.org\/ca\/wp-json\/wp\/v2\/media?parent=8973"}],"wp:term":[{"taxonomy":"category","embeddable":true,"href":"https:\/\/canserrat.org\/ca\/wp-json\/wp\/v2\/categories?post=8973"},{"taxonomy":"post_tag","embeddable":true,"href":"https:\/\/canserrat.org\/ca\/wp-json\/wp\/v2\/tags?post=8973"}],"curies":[{"name":"wp","href":"https:\/\/api.w.org\/{rel}","templated":true}]}}