{"id":8961,"date":"2025-07-10T08:51:05","date_gmt":"2025-07-10T08:51:05","guid":{"rendered":"https:\/\/canserrat.org\/?p=8961"},"modified":"2025-09-19T08:48:09","modified_gmt":"2025-09-19T08:48:09","slug":"mercedes-reynoso-moreno","status":"publish","type":"post","link":"https:\/\/canserrat.org\/ca\/mercedes-reynoso-moreno","title":{"rendered":"Mercedes Reynoso Moreno"},"content":{"rendered":"<img decoding=\"async\" loading=\"lazy\" class=\"size-medium wp-image-8962 aligncenter\" src=\"http:\/\/canserrat.org\/wp-content\/uploads\/2025\/07\/WhatsApp-Image-2024-04-24-at-6.25.19-AM-Mercedes-Reynoso-240x300.jpeg\" alt=\"\" width=\"240\" height=\"300\" srcset=\"https:\/\/canserrat.org\/wp-content\/uploads\/2025\/07\/WhatsApp-Image-2024-04-24-at-6.25.19-AM-Mercedes-Reynoso-240x300.jpeg 240w, https:\/\/canserrat.org\/wp-content\/uploads\/2025\/07\/WhatsApp-Image-2024-04-24-at-6.25.19-AM-Mercedes-Reynoso-819x1024.jpeg 819w, https:\/\/canserrat.org\/wp-content\/uploads\/2025\/07\/WhatsApp-Image-2024-04-24-at-6.25.19-AM-Mercedes-Reynoso-1228x1536.jpeg 1228w, https:\/\/canserrat.org\/wp-content\/uploads\/2025\/07\/WhatsApp-Image-2024-04-24-at-6.25.19-AM-Mercedes-Reynoso-640x800.jpeg 640w, https:\/\/canserrat.org\/wp-content\/uploads\/2025\/07\/WhatsApp-Image-2024-04-24-at-6.25.19-AM-Mercedes-Reynoso-320x400.jpeg 320w, https:\/\/canserrat.org\/wp-content\/uploads\/2025\/07\/WhatsApp-Image-2024-04-24-at-6.25.19-AM-Mercedes-Reynoso.jpeg 1279w\" sizes=\"(max-width: 240px) 100vw, 240px\" \/><\/p>\n<p>&nbsp;<\/p>\n<p data-start=\"98\" data-end=\"824\">Dona sud-californiana, poeta, feminista, gestora cultural independent i educadora. Autora dels poemaris <em data-start=\"202\" data-end=\"212\">Malabras<\/em> (2021) i <em data-start=\"222\" data-end=\"236\">Inversa Rama<\/em> (2023) amb Barco Varado Ediciones. Ha estat antologada a <em data-start=\"294\" data-end=\"317\">Letras del Finisterra<\/em> (ISC, 2011), <em data-start=\"331\" data-end=\"351\">Testamento del Sol<\/em> (UABCS, 2008), <em data-start=\"367\" data-end=\"389\">La Semilla en la Voz<\/em> (Cuadernos de la Serpiente, 2017), <em data-start=\"425\" data-end=\"459\">Memorias de las Lunas de Octubre<\/em> (ISC, 2017), <em data-start=\"473\" data-end=\"511\">Altares: memoria gr\u00e1fica y literaria<\/em> (Govern de B.C.S. i ISC, 2018), i <em data-start=\"546\" data-end=\"579\">[Sobre] Vivir hilando historias<\/em> (Corda Ediciones, 2023). La seva obra po\u00e8tica i cr\u00edtica liter\u00e0ria tamb\u00e9 ha estat publicada en revistes com <em data-start=\"687\" data-end=\"696\">Timonel<\/em>, <em data-start=\"698\" data-end=\"712\">Blanco M\u00f3vil<\/em>, <em data-start=\"714\" data-end=\"729\">El Grito Zine<\/em>, i en espais digitals com <em data-start=\"756\" data-end=\"775\">C\u00edrculo de Poes\u00eda<\/em>, <em data-start=\"777\" data-end=\"807\">C\u00edrculo Literario de Mujeres<\/em> i <em data-start=\"810\" data-end=\"823\">Otro P\u00e1ramo<\/em>.<\/p>\n<p data-start=\"826\" data-end=\"1366\">Va obtenir el Premi de Poesia UABCS 2008 i el Premi Estatal de Poesia Jove <em data-start=\"901\" data-end=\"917\">D\u00eda de Muertos<\/em> 2012. Va rebre la beca PECDA BCS en la disciplina de Literatura durant el per\u00edode 2022-2023. El seu poema <em data-start=\"1024\" data-end=\"1034\">Paradoja<\/em> va ser finalista al certamen <em data-start=\"1064\" data-end=\"1088\">Caminos de la Libertad<\/em> (CDMX, 2015). Va assistir com a bec\u00e0ria als encontres literaris <em data-start=\"1153\" data-end=\"1163\">Interfaz<\/em> (2014) i <em data-start=\"1173\" data-end=\"1198\">13 Habitaciones Propias<\/em> (2019) a Culiac\u00e1n, Sinaloa, i com a convidada als encontres <em data-start=\"1259\" data-end=\"1277\">Lunas de Octubre<\/em> (La Paz, 2011, 2018 i 2021) i <em data-start=\"1308\" data-end=\"1350\">Encuentro de Escritores Sudcalifornianos<\/em> (La Paz, 2023).<\/p>\n<p data-start=\"1368\" data-end=\"1771\">\u00c9s organitzadora i coproductora del <em data-start=\"1404\" data-end=\"1420\">Mariposas FEST<\/em>, Festival Feminista Transdisciplinari (Los Cabos, 2015-2023); cocreadora del projecte esc\u00e8nico-literari <em data-start=\"1525\" data-end=\"1537\">Eco Et\u00e9reo<\/em>, poesia a dues veus, amb el qual ha realitzat gires per diverses ciutats de M\u00e8xic (2021) i Europa (2023). Actualment col\u00b7labora amb el projecte <em data-start=\"1682\" data-end=\"1721\">Inari Maru, Arte, Imaginaci\u00f3n y Costa<\/em>, dirigit per la curadora d\u2019art Lorena Pe\u00f1a Brito.<\/p>\n<p data-start=\"1773\" data-end=\"1837\">Mercedes f\u00e0 la seva resid\u00e8ncia durant el mes d\u2019agost del 2025.<\/p>","protected":false},"excerpt":{"rendered":"<p>&nbsp; Dona sud-californiana, poeta, feminista, gestora cultural independent i educadora. Autora dels poemaris Malabras (2021) i Inversa Rama (2023) amb Barco Varado Ediciones. Ha estat antologada a Letras del Finisterra (ISC, 2011), Testamento del Sol (UABCS, 2008), La Semilla en &hellip; <a href=\"https:\/\/canserrat.org\/ca\/mercedes-reynoso-moreno\">Continued<\/a><\/p>\n","protected":false},"author":4,"featured_media":8962,"comment_status":"closed","ping_status":"closed","sticky":false,"template":"","format":"standard","meta":{"_monsterinsights_skip_tracking":false,"_monsterinsights_sitenote_active":false,"_monsterinsights_sitenote_note":"","_monsterinsights_sitenote_category":0,"footnotes":""},"categories":[10,11],"tags":[],"_links":{"self":[{"href":"https:\/\/canserrat.org\/ca\/wp-json\/wp\/v2\/posts\/8961"}],"collection":[{"href":"https:\/\/canserrat.org\/ca\/wp-json\/wp\/v2\/posts"}],"about":[{"href":"https:\/\/canserrat.org\/ca\/wp-json\/wp\/v2\/types\/post"}],"author":[{"embeddable":true,"href":"https:\/\/canserrat.org\/ca\/wp-json\/wp\/v2\/users\/4"}],"replies":[{"embeddable":true,"href":"https:\/\/canserrat.org\/ca\/wp-json\/wp\/v2\/comments?post=8961"}],"version-history":[{"count":1,"href":"https:\/\/canserrat.org\/ca\/wp-json\/wp\/v2\/posts\/8961\/revisions"}],"predecessor-version":[{"id":8963,"href":"https:\/\/canserrat.org\/ca\/wp-json\/wp\/v2\/posts\/8961\/revisions\/8963"}],"wp:featuredmedia":[{"embeddable":true,"href":"https:\/\/canserrat.org\/ca\/wp-json\/wp\/v2\/media\/8962"}],"wp:attachment":[{"href":"https:\/\/canserrat.org\/ca\/wp-json\/wp\/v2\/media?parent=8961"}],"wp:term":[{"taxonomy":"category","embeddable":true,"href":"https:\/\/canserrat.org\/ca\/wp-json\/wp\/v2\/categories?post=8961"},{"taxonomy":"post_tag","embeddable":true,"href":"https:\/\/canserrat.org\/ca\/wp-json\/wp\/v2\/tags?post=8961"}],"curies":[{"name":"wp","href":"https:\/\/api.w.org\/{rel}","templated":true}]}}