{"id":8481,"date":"2024-11-19T13:57:22","date_gmt":"2024-11-19T13:57:22","guid":{"rendered":"https:\/\/canserrat.org\/?p=8481"},"modified":"2025-02-17T09:48:40","modified_gmt":"2025-02-17T09:48:40","slug":"juan-camilo-parra-avila","status":"publish","type":"post","link":"https:\/\/canserrat.org\/ca\/juan-camilo-parra-avila","title":{"rendered":"Juan Camilo Parra Avila"},"content":{"rendered":"<img decoding=\"async\" loading=\"lazy\" class=\"size-medium wp-image-8482 aligncenter\" src=\"http:\/\/canserrat.org\/wp-content\/uploads\/2024\/11\/WhatsApp-Image-2024-10-10-at-10.47.18-AM-Laura-Daniela-Alvarado-225x300.jpeg\" alt=\"\" width=\"225\" height=\"300\" srcset=\"https:\/\/canserrat.org\/wp-content\/uploads\/2024\/11\/WhatsApp-Image-2024-10-10-at-10.47.18-AM-Laura-Daniela-Alvarado-225x300.jpeg 225w, https:\/\/canserrat.org\/wp-content\/uploads\/2024\/11\/WhatsApp-Image-2024-10-10-at-10.47.18-AM-Laura-Daniela-Alvarado-768x1024.jpeg 768w, https:\/\/canserrat.org\/wp-content\/uploads\/2024\/11\/WhatsApp-Image-2024-10-10-at-10.47.18-AM-Laura-Daniela-Alvarado-600x800.jpeg 600w, https:\/\/canserrat.org\/wp-content\/uploads\/2024\/11\/WhatsApp-Image-2024-10-10-at-10.47.18-AM-Laura-Daniela-Alvarado-300x400.jpeg 300w, https:\/\/canserrat.org\/wp-content\/uploads\/2024\/11\/WhatsApp-Image-2024-10-10-at-10.47.18-AM-Laura-Daniela-Alvarado.jpeg 960w\" sizes=\"(max-width: 225px) 100vw, 225px\" \/><\/p>\n<p>&nbsp;<\/p>\n<p>Juan Parra \u00e9s fil\u00f2sof, escriptor i gestor cultural, graduat de la Universidad Industrial de Santander. Ha destacat per la seva tasca en la promoci\u00f3 de l\u2019escriptura i la mem\u00f2ria hist\u00f2rica a les comunitats locals. Fundador del col\u00b7lectiu Los Eudaimones i de l\u2019editorial Espeletia Ediciones, ha impulsat els tallers d\u2019escriptura <em>En el oficio de vivir<\/em>, que li van valer el VII Premi Nacional de Biblioteques el 2022.<\/p>\n<p>Com a columnista a <em>Al Poniente<\/em> i <em>El Espectador<\/em>, aborda temes culturals i socials. Tamb\u00e9 \u00e9s creador del podcast <em>Testimonios de vida<\/em> i del programa <em>Tiempos post-modernos<\/em>.<\/p>\n<p>Juan Camilo far\u00e0 la seva resid\u00e8ncia a Can Serrat el novembre de 2024.","protected":false},"excerpt":{"rendered":"<p>&nbsp; Juan Parra \u00e9s fil\u00f2sof, escriptor i gestor cultural, graduat de la Universidad Industrial de Santander. Ha destacat per la seva tasca en la promoci\u00f3 de l\u2019escriptura i la mem\u00f2ria hist\u00f2rica a les comunitats locals. Fundador del col\u00b7lectiu Los Eudaimones &hellip; <a href=\"https:\/\/canserrat.org\/ca\/juan-camilo-parra-avila\">Continued<\/a><\/p>\n","protected":false},"author":4,"featured_media":8482,"comment_status":"closed","ping_status":"closed","sticky":false,"template":"","format":"standard","meta":{"_monsterinsights_skip_tracking":false,"_monsterinsights_sitenote_active":false,"_monsterinsights_sitenote_note":"","_monsterinsights_sitenote_category":0,"footnotes":""},"categories":[10,11],"tags":[],"_links":{"self":[{"href":"https:\/\/canserrat.org\/ca\/wp-json\/wp\/v2\/posts\/8481"}],"collection":[{"href":"https:\/\/canserrat.org\/ca\/wp-json\/wp\/v2\/posts"}],"about":[{"href":"https:\/\/canserrat.org\/ca\/wp-json\/wp\/v2\/types\/post"}],"author":[{"embeddable":true,"href":"https:\/\/canserrat.org\/ca\/wp-json\/wp\/v2\/users\/4"}],"replies":[{"embeddable":true,"href":"https:\/\/canserrat.org\/ca\/wp-json\/wp\/v2\/comments?post=8481"}],"version-history":[{"count":1,"href":"https:\/\/canserrat.org\/ca\/wp-json\/wp\/v2\/posts\/8481\/revisions"}],"predecessor-version":[{"id":8483,"href":"https:\/\/canserrat.org\/ca\/wp-json\/wp\/v2\/posts\/8481\/revisions\/8483"}],"wp:featuredmedia":[{"embeddable":true,"href":"https:\/\/canserrat.org\/ca\/wp-json\/wp\/v2\/media\/8482"}],"wp:attachment":[{"href":"https:\/\/canserrat.org\/ca\/wp-json\/wp\/v2\/media?parent=8481"}],"wp:term":[{"taxonomy":"category","embeddable":true,"href":"https:\/\/canserrat.org\/ca\/wp-json\/wp\/v2\/categories?post=8481"},{"taxonomy":"post_tag","embeddable":true,"href":"https:\/\/canserrat.org\/ca\/wp-json\/wp\/v2\/tags?post=8481"}],"curies":[{"name":"wp","href":"https:\/\/api.w.org\/{rel}","templated":true}]}}