{"id":8307,"date":"2024-08-08T10:06:47","date_gmt":"2024-08-08T10:06:47","guid":{"rendered":"https:\/\/canserrat.org\/?p=8307"},"modified":"2025-06-09T12:30:30","modified_gmt":"2025-06-09T12:30:30","slug":"francisca-alvarez-sanchez","status":"publish","type":"post","link":"https:\/\/canserrat.org\/ca\/francisca-alvarez-sanchez","title":{"rendered":"Francisca Alvarez S\u00e1nchez"},"content":{"rendered":"<img decoding=\"async\" loading=\"lazy\" class=\"size-medium wp-image-8308 aligncenter\" src=\"http:\/\/canserrat.org\/wp-content\/uploads\/2024\/08\/pochote-Francisca-Alvarez-Sanchez-298x300.jpg\" alt=\"\" width=\"298\" height=\"300\" srcset=\"https:\/\/canserrat.org\/wp-content\/uploads\/2024\/08\/pochote-Francisca-Alvarez-Sanchez-298x300.jpg 298w, https:\/\/canserrat.org\/wp-content\/uploads\/2024\/08\/pochote-Francisca-Alvarez-Sanchez-1017x1024.jpg 1017w, https:\/\/canserrat.org\/wp-content\/uploads\/2024\/08\/pochote-Francisca-Alvarez-Sanchez-150x150.jpg 150w, https:\/\/canserrat.org\/wp-content\/uploads\/2024\/08\/pochote-Francisca-Alvarez-Sanchez-1526x1536.jpg 1526w, https:\/\/canserrat.org\/wp-content\/uploads\/2024\/08\/pochote-Francisca-Alvarez-Sanchez-794x800.jpg 794w, https:\/\/canserrat.org\/wp-content\/uploads\/2024\/08\/pochote-Francisca-Alvarez-Sanchez-397x400.jpg 397w, https:\/\/canserrat.org\/wp-content\/uploads\/2024\/08\/pochote-Francisca-Alvarez-Sanchez.jpg 1756w\" sizes=\"(max-width: 298px) 100vw, 298px\" \/><\/p>\n<p>&nbsp;<\/p>\n<p>Francisca \u00c1lvarez S\u00e1nchez (Xile, 1986) \u00e9s artista visual, il\u00b7lustradora i docent. Ha participat en resid\u00e8ncies a M\u00e8xic, Xile i Espanya, aix\u00ed com en exposicions individuals i col\u00b7lectives. Ha treballat en projectes art\u00edstic-pedag\u00f2gics, de disseny teatral, d\u2019animaci\u00f3 en stop motion, d\u2019il\u00b7lustraci\u00f3 editorial i de murals. Actualment treballa com a artista i il\u00b7lustradora independent en projectes diversos, imparteix tallers d\u2019il\u00b7lustraci\u00f3 i pintura i exerceix com a docent universit\u00e0ria. \u00c9s creadora de Una rama azul, on desenvolupa objectes il\u00b7lustrats en fusta pintada, i co-creadora de l\u2019espai de trobada i botiga El Cari\u00f1o. Participa activament en fires i esdeveniments relacionats amb les arts gr\u00e0fiques i la cultura.<\/p>\n<p>Francisca far\u00e0 la seva resid\u00e8ncia a Can Serrat durant els mesos d&#8217;agost i setembre de 2024.<\/p>\n<p>&nbsp;<\/p>\n<p><b>Sobre el seu proc\u00e9s de treball a la resid\u00e8ncia &gt;&gt;&gt;<\/b><\/p>\n\n<p class=\"gde-text\"><a href=\"http:\/\/canserrat.org\/wp-content\/uploads\/2024\/08\/Alvarez_Francisca_CHECKPOINT_2024-Francisca-Alvarez-Sanchez.pdf\" class=\"gde-link\">Descargar (PDF, 37.43MB)<\/a><\/p>","protected":false},"excerpt":{"rendered":"<p>&nbsp; Francisca \u00c1lvarez S\u00e1nchez (Xile, 1986) \u00e9s artista visual, il\u00b7lustradora i docent. Ha participat en resid\u00e8ncies a M\u00e8xic, Xile i Espanya, aix\u00ed com en exposicions individuals i col\u00b7lectives. Ha treballat en projectes art\u00edstic-pedag\u00f2gics, de disseny teatral, d\u2019animaci\u00f3 en stop motion, &hellip; <a href=\"https:\/\/canserrat.org\/ca\/francisca-alvarez-sanchez\">Continued<\/a><\/p>\n","protected":false},"author":4,"featured_media":8308,"comment_status":"closed","ping_status":"closed","sticky":false,"template":"","format":"standard","meta":{"_monsterinsights_skip_tracking":false,"_monsterinsights_sitenote_active":false,"_monsterinsights_sitenote_note":"","_monsterinsights_sitenote_category":0,"footnotes":""},"categories":[10,11],"tags":[],"_links":{"self":[{"href":"https:\/\/canserrat.org\/ca\/wp-json\/wp\/v2\/posts\/8307"}],"collection":[{"href":"https:\/\/canserrat.org\/ca\/wp-json\/wp\/v2\/posts"}],"about":[{"href":"https:\/\/canserrat.org\/ca\/wp-json\/wp\/v2\/types\/post"}],"author":[{"embeddable":true,"href":"https:\/\/canserrat.org\/ca\/wp-json\/wp\/v2\/users\/4"}],"replies":[{"embeddable":true,"href":"https:\/\/canserrat.org\/ca\/wp-json\/wp\/v2\/comments?post=8307"}],"version-history":[{"count":2,"href":"https:\/\/canserrat.org\/ca\/wp-json\/wp\/v2\/posts\/8307\/revisions"}],"predecessor-version":[{"id":8842,"href":"https:\/\/canserrat.org\/ca\/wp-json\/wp\/v2\/posts\/8307\/revisions\/8842"}],"wp:featuredmedia":[{"embeddable":true,"href":"https:\/\/canserrat.org\/ca\/wp-json\/wp\/v2\/media\/8308"}],"wp:attachment":[{"href":"https:\/\/canserrat.org\/ca\/wp-json\/wp\/v2\/media?parent=8307"}],"wp:term":[{"taxonomy":"category","embeddable":true,"href":"https:\/\/canserrat.org\/ca\/wp-json\/wp\/v2\/categories?post=8307"},{"taxonomy":"post_tag","embeddable":true,"href":"https:\/\/canserrat.org\/ca\/wp-json\/wp\/v2\/tags?post=8307"}],"curies":[{"name":"wp","href":"https:\/\/api.w.org\/{rel}","templated":true}]}}