{"id":8292,"date":"2024-08-08T09:38:09","date_gmt":"2024-08-08T09:38:09","guid":{"rendered":"https:\/\/canserrat.org\/?p=8292"},"modified":"2025-06-09T12:39:47","modified_gmt":"2025-06-09T12:39:47","slug":"emma-rocosa-alvarez","status":"publish","type":"post","link":"https:\/\/canserrat.org\/ca\/emma-rocosa-alvarez","title":{"rendered":"Emma Rocosa Alvarez"},"content":{"rendered":"<img decoding=\"async\" loading=\"lazy\" class=\"size-medium wp-image-8293 aligncenter\" src=\"http:\/\/canserrat.org\/wp-content\/uploads\/2024\/08\/IMG_20220602_185350-Emma-Rocosa-195x300.jpg\" alt=\"\" width=\"195\" height=\"300\" srcset=\"https:\/\/canserrat.org\/wp-content\/uploads\/2024\/08\/IMG_20220602_185350-Emma-Rocosa-195x300.jpg 195w, https:\/\/canserrat.org\/wp-content\/uploads\/2024\/08\/IMG_20220602_185350-Emma-Rocosa-666x1024.jpg 666w, https:\/\/canserrat.org\/wp-content\/uploads\/2024\/08\/IMG_20220602_185350-Emma-Rocosa-520x800.jpg 520w, https:\/\/canserrat.org\/wp-content\/uploads\/2024\/08\/IMG_20220602_185350-Emma-Rocosa-260x400.jpg 260w, https:\/\/canserrat.org\/wp-content\/uploads\/2024\/08\/IMG_20220602_185350-Emma-Rocosa.jpg 764w\" sizes=\"(max-width: 195px) 100vw, 195px\" \/><\/p>\n<p>&nbsp;<\/p>\n<p><span data-sheets-root=\"1\">L\u2019Emma Rocosa (1997) sempre ha tingut curiositat per tot all\u00f2 que t\u00e9 a veure amb l\u2019ess\u00e8ncia humana. Un temps despr\u00e9s d\u2019haver estudiat un Grau en Humanitats a la UPF, redescobreix el que ha apr\u00e8s en l\u2019\u00e0mbit acad\u00e8mic a partir de vies emp\u00edriques. A trav\u00e9s de la seva estada a Can Serrat busca apropar-se al m\u00f3n dels creadors i convertir el \u2018desconeixement\u2019 propi de qui s\u2019inicia en un terreny f\u00e8rtil sense prejudicis que ofereixi noves possibilitats.<\/span><\/p>\n<p>L&#8217;Emma fa la seva resid\u00e8ncia a Can Serrat durant l&#8217;agost de 2024.<\/p>\n<p>&nbsp;<\/p>\n<p><b>Sobre el seu proc\u00e9s de treball a la resid\u00e8ncia &gt;&gt;&gt;<\/b><\/p>\n<iframe src=\"\/\/docs.google.com\/viewer?url=http%3A%2F%2Fcanserrat.org%2Fwp-content%2Fuploads%2F2024%2F08%2FROCOSA_EMMA_CHECKPOINT_2024-Emma-Rocosa.pdf&hl=es&embedded=true\" class=\"gde-frame\" style=\"width:100%; height:500px; border: none;\" scrolling=\"no\"><\/iframe>\n<p class=\"gde-text\"><a href=\"http:\/\/canserrat.org\/wp-content\/uploads\/2024\/08\/ROCOSA_EMMA_CHECKPOINT_2024-Emma-Rocosa.pdf\" class=\"gde-link\">Descargar (PDF, 55KB)<\/a><\/p>","protected":false},"excerpt":{"rendered":"<p>&nbsp; L\u2019Emma Rocosa (1997) sempre ha tingut curiositat per tot all\u00f2 que t\u00e9 a veure amb l\u2019ess\u00e8ncia humana. Un temps despr\u00e9s d\u2019haver estudiat un Grau en Humanitats a la UPF, redescobreix el que ha apr\u00e8s en l\u2019\u00e0mbit acad\u00e8mic a partir &hellip; <a href=\"https:\/\/canserrat.org\/ca\/emma-rocosa-alvarez\">Continued<\/a><\/p>\n","protected":false},"author":4,"featured_media":8293,"comment_status":"closed","ping_status":"closed","sticky":false,"template":"","format":"standard","meta":{"_monsterinsights_skip_tracking":false,"_monsterinsights_sitenote_active":false,"_monsterinsights_sitenote_note":"","_monsterinsights_sitenote_category":0,"footnotes":""},"categories":[10,11],"tags":[],"_links":{"self":[{"href":"https:\/\/canserrat.org\/ca\/wp-json\/wp\/v2\/posts\/8292"}],"collection":[{"href":"https:\/\/canserrat.org\/ca\/wp-json\/wp\/v2\/posts"}],"about":[{"href":"https:\/\/canserrat.org\/ca\/wp-json\/wp\/v2\/types\/post"}],"author":[{"embeddable":true,"href":"https:\/\/canserrat.org\/ca\/wp-json\/wp\/v2\/users\/4"}],"replies":[{"embeddable":true,"href":"https:\/\/canserrat.org\/ca\/wp-json\/wp\/v2\/comments?post=8292"}],"version-history":[{"count":2,"href":"https:\/\/canserrat.org\/ca\/wp-json\/wp\/v2\/posts\/8292\/revisions"}],"predecessor-version":[{"id":8847,"href":"https:\/\/canserrat.org\/ca\/wp-json\/wp\/v2\/posts\/8292\/revisions\/8847"}],"wp:featuredmedia":[{"embeddable":true,"href":"https:\/\/canserrat.org\/ca\/wp-json\/wp\/v2\/media\/8293"}],"wp:attachment":[{"href":"https:\/\/canserrat.org\/ca\/wp-json\/wp\/v2\/media?parent=8292"}],"wp:term":[{"taxonomy":"category","embeddable":true,"href":"https:\/\/canserrat.org\/ca\/wp-json\/wp\/v2\/categories?post=8292"},{"taxonomy":"post_tag","embeddable":true,"href":"https:\/\/canserrat.org\/ca\/wp-json\/wp\/v2\/tags?post=8292"}],"curies":[{"name":"wp","href":"https:\/\/api.w.org\/{rel}","templated":true}]}}