{"id":8285,"date":"2024-07-09T13:50:52","date_gmt":"2024-07-09T13:50:52","guid":{"rendered":"https:\/\/canserrat.org\/?p=8285"},"modified":"2024-10-04T09:02:41","modified_gmt":"2024-10-04T09:02:41","slug":"call-result__spring-summer-2025__writers","status":"publish","type":"post","link":"https:\/\/canserrat.org\/ca\/call-result__spring-summer-2025__writers","title":{"rendered":"RESULTAT CONVOCATORIA__Primavera-Estiu 2025__Escriptura"},"content":{"rendered":"<div class=\"tlid-input input\">\n<div class=\"source-wrap\">\n<div class=\"input-full-height-wrapper tlid-input-full-height-wrapper\">\n<div class=\"source-input\">\n<div class=\"source-footer-wrap source-or-target-footer\">\n<div class=\"character-count tlid-character-count\">\n<div class=\"tlid-input input\">\n<div class=\"source-wrap\">\n<div class=\"input-full-height-wrapper tlid-input-full-height-wrapper\">\n<div class=\"source-input\">\n<div class=\"source-footer-wrap source-or-target-footer\">\n<div class=\"character-count tlid-character-count\">\n<p>&nbsp;<\/p>\n<p>En el marc d\u2019aquest jurat, es van rebre moltes sol\u00b7licituds d\u2019artistes de tot el m\u00f3n i un gran nombre d\u2019elles eren d\u2019una qualitat impressionant. El jurat ha gaudit molt de tots els projectes presentats i, una vegada m\u00e9s, ha estat un repte fer la selecci\u00f3. Despr\u00e9s de passar hores debatent, han estat seleccionades 31 propostes per a integrar el programa de resid\u00e8ncia (1 invitaci\u00f3 completa i 30 invitacions parcials). El jurat va tenir molta cura de convidar a projectes que fossin espec\u00edficament rellevants pel context de Can Serrat.<\/p>\n<\/div>\n<\/div>\n<\/div>\n<\/div>\n<\/div>\n<\/div>\n<div><\/div>\n<\/div>\n<\/div>\n<\/div>\n<\/div>\n<\/div>\n<\/div>\n<div>\n<p><strong>Jurat:<\/strong><\/p>\n<p><span style=\"font-weight: 400;\">Eliana Tomassini es llicenciada en Economia i t\u00e9 un m\u00e0ster en Escriptura Creativa.\u00a0<\/span><\/p>\n<p>Erica Eisen_Escriptora, editora i periodista amb seu a Barcelona.<\/p>\n<p>Sophie Blais_Directora de Can Serrat (veu sense vot).<\/p>\n<p>Sarah Goodchild Robb_Coordinadora de residents i encarrgada de communicaci\u00f3 (veu sense vot).<\/p>\n<\/div>\n<p>&nbsp;<\/p>\n<div>\n<p><strong>INVITACI\u00d3 COMPLETA &#8212;<\/strong><\/p>\n<p style=\"padding-left: 120px;\"><strong><span style=\"color: #33cccc;\">Elena Giulia Abbiatici<\/span><\/strong><\/p>\n<p>&nbsp;<\/p>\n<p><strong>INVITACI\u00d3 PARCIAL &#8212;<\/strong><\/p>\n<div>\n<p style=\"padding-left: 120px;\"><strong><span style=\"color: #33cccc;\">Anuka Fern\u00e1ndez Fuks<\/span><\/strong><\/p>\n<p style=\"padding-left: 120px;\"><strong><span style=\"color: #33cccc;\">Rose Bialer<\/span><\/strong><\/p>\n<p style=\"padding-left: 120px;\"><strong><span style=\"color: #33cccc;\">Jimena German Blanco<\/span><\/strong><\/p>\n<p style=\"padding-left: 120px;\"><strong><span style=\"color: #33cccc;\">Marcos Paz Sabl\u00f3n<\/span><\/strong><\/p>\n<p style=\"padding-left: 120px;\"><strong><span style=\"color: #33cccc;\">Denise Menache<\/span><\/strong><\/p>\n<p style=\"padding-left: 120px;\"><strong><span style=\"color: #33cccc;\">Grazia Paesani y Mar Vilchez Aruani<\/span><\/strong><\/p>\n<p style=\"padding-left: 120px;\"><strong><span style=\"color: #33cccc;\">Ellie Wyatt<\/span><\/strong><\/p>\n<p style=\"padding-left: 120px;\"><strong><span style=\"color: #33cccc;\">Marco Huarancca Ninanya<\/span><\/strong><\/p>\n<p style=\"padding-left: 120px;\"><strong><span style=\"color: #33cccc;\">Clare Harmon<\/span><\/strong><\/p>\n<p style=\"padding-left: 120px;\"><strong><span style=\"color: #33cccc;\">Merey \u015eenocak<\/span><\/strong><\/p>\n<p style=\"padding-left: 120px;\"><strong><span style=\"color: #33cccc;\">Guadalupe P\u00e9rez Recalde<\/span><\/strong><\/p>\n<p style=\"padding-left: 120px;\"><strong><span style=\"color: #33cccc;\">Mat\u00edas Mendez<\/span><\/strong><\/p>\n<p style=\"padding-left: 120px;\"><strong><span style=\"color: #33cccc;\">Iris Kiya<\/span><\/strong><\/p>\n<p style=\"padding-left: 120px;\"><strong><span style=\"color: #33cccc;\">River Huiying Dandelion Chan<\/span><\/strong><\/p>\n<p style=\"padding-left: 120px;\"><strong><span style=\"color: #33cccc;\">Ixchel Marina Casado P\u00e9rez<\/span><\/strong><\/p>\n<p style=\"padding-left: 120px;\"><strong><span style=\"color: #33cccc;\">Lia Tamame<\/span><\/strong><\/p>\n<p style=\"padding-left: 120px;\"><strong><span style=\"color: #33cccc;\">SANTIAGO BUSTAMANTE<\/span><\/strong><\/p>\n<p style=\"padding-left: 120px;\"><strong><span style=\"color: #33cccc;\">Malena Salazar Maci\u00e1<\/span><\/strong><\/p>\n<p style=\"padding-left: 120px;\"><strong><span style=\"color: #33cccc;\">N\u00e1thaly Hern\u00e1ndez Ch\u00e1vez<\/span><\/strong><\/p>\n<p style=\"padding-left: 120px;\"><strong><span style=\"color: #33cccc;\">Sarah Roth<\/span><\/strong><\/p>\n<p style=\"padding-left: 120px;\"><strong><span style=\"color: #33cccc;\">Elisabeth Denis<\/span><\/strong><\/p>\n<p style=\"padding-left: 120px;\"><strong><span style=\"color: #33cccc;\">Tamara Grosso<\/span><\/strong><\/p>\n<p style=\"padding-left: 120px;\"><strong><span style=\"color: #33cccc;\">Mercedes Reynoso<\/span><\/strong><\/p>\n<p style=\"padding-left: 120px;\"><strong><span style=\"color: #33cccc;\">JESICA PAOLA RADA<\/span><\/strong><\/p>\n<p style=\"padding-left: 120px;\"><strong><span style=\"color: #33cccc;\">Ricardo Mario Acosta Arana<\/span><\/strong><\/p>\n<p style=\"padding-left: 120px;\"><strong><span style=\"color: #33cccc;\">Leonardo Vergara<\/span><\/strong><\/p>\n<p style=\"padding-left: 120px;\"><strong><span style=\"color: #33cccc;\">Est\u00e9e Krikorian<\/span><\/strong><\/p>\n<p style=\"padding-left: 120px;\"><strong><span style=\"color: #33cccc;\">Joelle Dib<\/span><\/strong><\/p>\n<p style=\"padding-left: 120px;\"><strong><span style=\"color: #33cccc;\">NATALIA RUIZ-POVEDA VERA<\/span><\/strong><\/p>\n<p style=\"padding-left: 120px;\"><strong><span style=\"color: #33cccc;\">Faith ADIELE<\/span><\/strong><\/p>\n<\/div>\n<p>&nbsp;<\/p>\n<\/div>\n<p>* Sabem que \u00e9s molt dif\u00edcil generar espais de cura dins d\u2019una convocat\u00f2ria, per\u00f2 volem agrair de tot cor, a totes les persones que ens han fet arribar les seves propostes. Ha estat un plaer llegir-les, endinsar-se en les seves pr\u00e0ctiques i entrar en contacte amb elles.","protected":false},"excerpt":{"rendered":"<p>&nbsp; En el marc d\u2019aquest jurat, es van rebre moltes sol\u00b7licituds d\u2019artistes de tot el m\u00f3n i un gran nombre d\u2019elles eren d\u2019una qualitat impressionant. El jurat ha gaudit molt de tots els projectes presentats i, una vegada m\u00e9s, ha &hellip; <a href=\"https:\/\/canserrat.org\/ca\/call-result__spring-summer-2025__writers\">Continued<\/a><\/p>\n","protected":false},"author":4,"featured_media":8166,"comment_status":"closed","ping_status":"closed","sticky":false,"template":"","format":"standard","meta":{"_monsterinsights_skip_tracking":false,"_monsterinsights_sitenote_active":false,"_monsterinsights_sitenote_note":"","_monsterinsights_sitenote_category":0,"footnotes":""},"categories":[22,71,37],"tags":[],"_links":{"self":[{"href":"https:\/\/canserrat.org\/ca\/wp-json\/wp\/v2\/posts\/8285"}],"collection":[{"href":"https:\/\/canserrat.org\/ca\/wp-json\/wp\/v2\/posts"}],"about":[{"href":"https:\/\/canserrat.org\/ca\/wp-json\/wp\/v2\/types\/post"}],"author":[{"embeddable":true,"href":"https:\/\/canserrat.org\/ca\/wp-json\/wp\/v2\/users\/4"}],"replies":[{"embeddable":true,"href":"https:\/\/canserrat.org\/ca\/wp-json\/wp\/v2\/comments?post=8285"}],"version-history":[{"count":3,"href":"https:\/\/canserrat.org\/ca\/wp-json\/wp\/v2\/posts\/8285\/revisions"}],"predecessor-version":[{"id":8362,"href":"https:\/\/canserrat.org\/ca\/wp-json\/wp\/v2\/posts\/8285\/revisions\/8362"}],"wp:featuredmedia":[{"embeddable":true,"href":"https:\/\/canserrat.org\/ca\/wp-json\/wp\/v2\/media\/8166"}],"wp:attachment":[{"href":"https:\/\/canserrat.org\/ca\/wp-json\/wp\/v2\/media?parent=8285"}],"wp:term":[{"taxonomy":"category","embeddable":true,"href":"https:\/\/canserrat.org\/ca\/wp-json\/wp\/v2\/categories?post=8285"},{"taxonomy":"post_tag","embeddable":true,"href":"https:\/\/canserrat.org\/ca\/wp-json\/wp\/v2\/tags?post=8285"}],"curies":[{"name":"wp","href":"https:\/\/api.w.org\/{rel}","templated":true}]}}