{"id":8276,"date":"2024-07-02T09:54:01","date_gmt":"2024-07-02T09:54:01","guid":{"rendered":"https:\/\/canserrat.org\/?p=8276"},"modified":"2024-08-08T09:22:06","modified_gmt":"2024-08-08T09:22:06","slug":"shu-ju-ada-cheng","status":"publish","type":"post","link":"https:\/\/canserrat.org\/ca\/shu-ju-ada-cheng","title":{"rendered":"Shu Ju Ada Cheng"},"content":{"rendered":"<img decoding=\"async\" loading=\"lazy\" class=\"size-medium wp-image-8277 aligncenter\" src=\"http:\/\/canserrat.org\/wp-content\/uploads\/2024\/07\/Cheng_Ada_highrez-0021-1-Ada-Cheng-300x199.jpg\" alt=\"\" width=\"300\" height=\"199\" srcset=\"https:\/\/canserrat.org\/wp-content\/uploads\/2024\/07\/Cheng_Ada_highrez-0021-1-Ada-Cheng-300x199.jpg 300w, https:\/\/canserrat.org\/wp-content\/uploads\/2024\/07\/Cheng_Ada_highrez-0021-1-Ada-Cheng-1024x678.jpg 1024w, https:\/\/canserrat.org\/wp-content\/uploads\/2024\/07\/Cheng_Ada_highrez-0021-1-Ada-Cheng-1536x1017.jpg 1536w, https:\/\/canserrat.org\/wp-content\/uploads\/2024\/07\/Cheng_Ada_highrez-0021-1-Ada-Cheng-2048x1356.jpg 2048w, https:\/\/canserrat.org\/wp-content\/uploads\/2024\/07\/Cheng_Ada_highrez-0021-1-Ada-Cheng-scaled-1208x800.jpg 1208w, https:\/\/canserrat.org\/wp-content\/uploads\/2024\/07\/Cheng_Ada_highrez-0021-1-Ada-Cheng-scaled-604x400.jpg 604w\" sizes=\"(max-width: 300px) 100vw, 300px\" \/><\/p>\n<p>&nbsp;<\/p>\n<p>Educadora convertida en artista, narradora i creadora, la Dra. Ada Cheng ha utilitzat la narraci\u00f3 d&#8217;hist\u00f2ries per il\u00b7lustrar desigualtats estructurals, augmentar la consci\u00e8ncia cr\u00edtica i construir comunitats \u00edntimes. Compromesa amb amplificar i elevar les veus marginades, ha creat nombroses plataformes de narraci\u00f3 perqu\u00e8 membres de les comunitats BIPOC i LGBTQIA expliquin hist\u00f2ries dif\u00edcils i vulnerables. A causa del seu treball art\u00edstic i intel\u00b7lectual, va ser nomenada Educadora de l&#8217;Any el 2021.<\/p>\n<p>El 2021, va donar confer\u00e8ncies magistrals a la Confer\u00e8ncia Activating Heritage de la Chicago Cultural Alliance, el Mes de la Her\u00e8ncia AAPI a la Universitat Dominicana, el Mes de la Her\u00e8ncia AAPI a l&#8217;Ag\u00e8ncia de Protecci\u00f3 Ambiental i la Confer\u00e8ncia Immigrants in Our Midst. El 2022, va donar una confer\u00e8ncia magistral titulada Qu\u00e8 hi ha de nou sobre la viol\u00e8ncia contra les dones asi\u00e0tiques? per a la confer\u00e8ncia (Re)Claiming Our Love: Social Justice &amp; Domestic Violence.<\/p>\n<p>La Dra. Cheng ha treballat amb nombroses organitzacions comunit\u00e0ries. Ha col\u00b7laborat amb comunitats AAPI a trav\u00e9s de les seves plataformes de narraci\u00f3 d&#8217;hist\u00f2ries, incloent Talk Stories: An Asian American \/ Asian Diaspora Storytelling i Dare to Tell: Queer Asian Storytelling. S&#8217;ha associat amb el Center on Halsted per al Mes de Conscienciaci\u00f3 sobre l&#8217;Agressi\u00f3 Sexual a l&#8217;abril i el Mes de Conscienciaci\u00f3 sobre la Viol\u00e8ncia Dom\u00e8stica a l&#8217;octubre, proporcionant plataformes perqu\u00e8 les persones comparteixin hist\u00f2ries sobre la viol\u00e8ncia de g\u00e8nere. Destaca membres de la comunitat com a narradors i porta aquests esdeveniments a espais comunitaris per fomentar el comprom\u00eds cr\u00edtic i la construcci\u00f3 d&#8217;aliances.<\/p>\n<p>La Dra. Cheng ha estat nomenada Lund-Gill Endowed Chair 2023-24 a la Universitat Dominicana. Tamb\u00e9 ha estat conferenciant per a l&#8217;Illinois Humanities Road Scholars Speakers Bureau des de 2019. Els seus interessos abasten l&#8217;acad\u00e8mia, la performance i la defensa.<\/p>\n<p>Ada far\u00e0 la seva resid\u00e8ncia a Can Serrat al juliol de 2024.","protected":false},"excerpt":{"rendered":"<p>&nbsp; Educadora convertida en artista, narradora i creadora, la Dra. Ada Cheng ha utilitzat la narraci\u00f3 d&#8217;hist\u00f2ries per il\u00b7lustrar desigualtats estructurals, augmentar la consci\u00e8ncia cr\u00edtica i construir comunitats \u00edntimes. Compromesa amb amplificar i elevar les veus marginades, ha creat nombroses &hellip; <a href=\"https:\/\/canserrat.org\/ca\/shu-ju-ada-cheng\">Continued<\/a><\/p>\n","protected":false},"author":4,"featured_media":8277,"comment_status":"closed","ping_status":"closed","sticky":false,"template":"","format":"standard","meta":{"_monsterinsights_skip_tracking":false,"_monsterinsights_sitenote_active":false,"_monsterinsights_sitenote_note":"","_monsterinsights_sitenote_category":0,"footnotes":""},"categories":[10,11],"tags":[],"_links":{"self":[{"href":"https:\/\/canserrat.org\/ca\/wp-json\/wp\/v2\/posts\/8276"}],"collection":[{"href":"https:\/\/canserrat.org\/ca\/wp-json\/wp\/v2\/posts"}],"about":[{"href":"https:\/\/canserrat.org\/ca\/wp-json\/wp\/v2\/types\/post"}],"author":[{"embeddable":true,"href":"https:\/\/canserrat.org\/ca\/wp-json\/wp\/v2\/users\/4"}],"replies":[{"embeddable":true,"href":"https:\/\/canserrat.org\/ca\/wp-json\/wp\/v2\/comments?post=8276"}],"version-history":[{"count":1,"href":"https:\/\/canserrat.org\/ca\/wp-json\/wp\/v2\/posts\/8276\/revisions"}],"predecessor-version":[{"id":8278,"href":"https:\/\/canserrat.org\/ca\/wp-json\/wp\/v2\/posts\/8276\/revisions\/8278"}],"wp:featuredmedia":[{"embeddable":true,"href":"https:\/\/canserrat.org\/ca\/wp-json\/wp\/v2\/media\/8277"}],"wp:attachment":[{"href":"https:\/\/canserrat.org\/ca\/wp-json\/wp\/v2\/media?parent=8276"}],"wp:term":[{"taxonomy":"category","embeddable":true,"href":"https:\/\/canserrat.org\/ca\/wp-json\/wp\/v2\/categories?post=8276"},{"taxonomy":"post_tag","embeddable":true,"href":"https:\/\/canserrat.org\/ca\/wp-json\/wp\/v2\/tags?post=8276"}],"curies":[{"name":"wp","href":"https:\/\/api.w.org\/{rel}","templated":true}]}}