{"id":8232,"date":"2024-05-06T09:41:32","date_gmt":"2024-05-06T09:41:32","guid":{"rendered":"https:\/\/canserrat.org\/?p=8232"},"modified":"2024-07-02T09:05:31","modified_gmt":"2024-07-02T09:05:31","slug":"emma-pinoteau-2","status":"publish","type":"post","link":"https:\/\/canserrat.org\/ca\/emma-pinoteau-2","title":{"rendered":"Em&#8217;ma Pinoteau"},"content":{"rendered":"<img decoding=\"async\" loading=\"lazy\" class=\"size-medium wp-image-8233 aligncenter\" src=\"http:\/\/canserrat.org\/wp-content\/uploads\/2024\/05\/Screenshot_20240113_004602-Emma-Pinoteau-300x253.jpg\" alt=\"\" width=\"300\" height=\"253\" srcset=\"https:\/\/canserrat.org\/wp-content\/uploads\/2024\/05\/Screenshot_20240113_004602-Emma-Pinoteau-300x253.jpg 300w, https:\/\/canserrat.org\/wp-content\/uploads\/2024\/05\/Screenshot_20240113_004602-Emma-Pinoteau-1024x863.jpg 1024w, https:\/\/canserrat.org\/wp-content\/uploads\/2024\/05\/Screenshot_20240113_004602-Emma-Pinoteau-950x800.jpg 950w, https:\/\/canserrat.org\/wp-content\/uploads\/2024\/05\/Screenshot_20240113_004602-Emma-Pinoteau-475x400.jpg 475w, https:\/\/canserrat.org\/wp-content\/uploads\/2024\/05\/Screenshot_20240113_004602-Emma-Pinoteau.jpg 1080w\" sizes=\"(max-width: 300px) 100vw, 300px\" \/><\/p>\n<p>&nbsp;<\/p>\n<p>Amb seu a Montpeller, Em&#8217;ma \u00e9s una int\u00e8rpret, dissenyadora de so i tatuadora. Despr\u00e9s d&#8217;obtenir un grau en art a Fran\u00e7a, Em&#8217;ma va desenvolupar una s\u00e8rie d&#8217;experimentacions entorn del cos, el so i l&#8217;expressi\u00f3 vocal. La investigaci\u00f3 es centra en la domesticaci\u00f3 del viu a trav\u00e9s de l&#8217;explotaci\u00f3 forestal i l&#8217;evoluci\u00f3 al llarg de la hist\u00f2ria de la domesticaci\u00f3 dels gossos.<\/p>\n<p>Em&#8217;ma forma part del programa Retorns durant el 2024, i ser\u00e0 la coordinadora del grup de maig del 2024.","protected":false},"excerpt":{"rendered":"<p>&nbsp; Amb seu a Montpeller, Em&#8217;ma \u00e9s una int\u00e8rpret, dissenyadora de so i tatuadora. Despr\u00e9s d&#8217;obtenir un grau en art a Fran\u00e7a, Em&#8217;ma va desenvolupar una s\u00e8rie d&#8217;experimentacions entorn del cos, el so i l&#8217;expressi\u00f3 vocal. La investigaci\u00f3 es centra &hellip; <a href=\"https:\/\/canserrat.org\/ca\/emma-pinoteau-2\">Continued<\/a><\/p>\n","protected":false},"author":4,"featured_media":8233,"comment_status":"closed","ping_status":"closed","sticky":false,"template":"","format":"standard","meta":{"_monsterinsights_skip_tracking":false,"_monsterinsights_sitenote_active":false,"_monsterinsights_sitenote_note":"","_monsterinsights_sitenote_category":0,"footnotes":""},"categories":[10,11],"tags":[],"_links":{"self":[{"href":"https:\/\/canserrat.org\/ca\/wp-json\/wp\/v2\/posts\/8232"}],"collection":[{"href":"https:\/\/canserrat.org\/ca\/wp-json\/wp\/v2\/posts"}],"about":[{"href":"https:\/\/canserrat.org\/ca\/wp-json\/wp\/v2\/types\/post"}],"author":[{"embeddable":true,"href":"https:\/\/canserrat.org\/ca\/wp-json\/wp\/v2\/users\/4"}],"replies":[{"embeddable":true,"href":"https:\/\/canserrat.org\/ca\/wp-json\/wp\/v2\/comments?post=8232"}],"version-history":[{"count":1,"href":"https:\/\/canserrat.org\/ca\/wp-json\/wp\/v2\/posts\/8232\/revisions"}],"predecessor-version":[{"id":8234,"href":"https:\/\/canserrat.org\/ca\/wp-json\/wp\/v2\/posts\/8232\/revisions\/8234"}],"wp:featuredmedia":[{"embeddable":true,"href":"https:\/\/canserrat.org\/ca\/wp-json\/wp\/v2\/media\/8233"}],"wp:attachment":[{"href":"https:\/\/canserrat.org\/ca\/wp-json\/wp\/v2\/media?parent=8232"}],"wp:term":[{"taxonomy":"category","embeddable":true,"href":"https:\/\/canserrat.org\/ca\/wp-json\/wp\/v2\/categories?post=8232"},{"taxonomy":"post_tag","embeddable":true,"href":"https:\/\/canserrat.org\/ca\/wp-json\/wp\/v2\/tags?post=8232"}],"curies":[{"name":"wp","href":"https:\/\/api.w.org\/{rel}","templated":true}]}}