{"id":8225,"date":"2024-05-06T09:34:23","date_gmt":"2024-05-06T09:34:23","guid":{"rendered":"https:\/\/canserrat.org\/?p=8225"},"modified":"2024-07-02T09:05:49","modified_gmt":"2024-07-02T09:05:49","slug":"flor-dacal","status":"publish","type":"post","link":"https:\/\/canserrat.org\/ca\/flor-dacal","title":{"rendered":"Flor Dacal"},"content":{"rendered":"<img decoding=\"async\" loading=\"lazy\" class=\"size-medium wp-image-8226 aligncenter\" src=\"http:\/\/canserrat.org\/wp-content\/uploads\/2024\/05\/Dacal_Retrato_3cm-Flor-Dacal-300x300.jpg\" alt=\"\" width=\"300\" height=\"300\" srcset=\"https:\/\/canserrat.org\/wp-content\/uploads\/2024\/05\/Dacal_Retrato_3cm-Flor-Dacal-300x300.jpg 300w, https:\/\/canserrat.org\/wp-content\/uploads\/2024\/05\/Dacal_Retrato_3cm-Flor-Dacal-150x150.jpg 150w, https:\/\/canserrat.org\/wp-content\/uploads\/2024\/05\/Dacal_Retrato_3cm-Flor-Dacal-270x270.jpg 270w, https:\/\/canserrat.org\/wp-content\/uploads\/2024\/05\/Dacal_Retrato_3cm-Flor-Dacal.jpg 359w\" sizes=\"(max-width: 300px) 100vw, 300px\" \/><\/p>\n<p>&nbsp;<\/p>\n<p>Dissenyadora i educadora. Desenvolupa projectes culturals orientats a la participaci\u00f3 creativa i l&#8217;educaci\u00f3 ambiental. &#8216;Somos Dacal&#8217; \u00e9s el seu estudi de disseny que des de 2014 desenvolupa l\u00ednies de peces de vestir sastres i artesanals supra reciclades a mida. Col\u00b7labora en projectes amb artistes, emprenedors, empreses, institucions i espais de cultura. Recupera peces de roba i socialitza el ofici en tallers oberts i projectes col\u00b7laboratius amb equips multidisciplinaris. Disseny a transformaci\u00f3 del vestir amb una mirada inclusiva i sostenible. Resignifica el vestit com un model per a transformar, conservant h\u00e0bits de cura dels objectes quotidians, el cos i el planeta.<\/p>\n<p>Flor fa la seva resid\u00e8ncia a Can Serrat durant maig-juny de 2024.","protected":false},"excerpt":{"rendered":"<p>&nbsp; Dissenyadora i educadora. Desenvolupa projectes culturals orientats a la participaci\u00f3 creativa i l&#8217;educaci\u00f3 ambiental. &#8216;Somos Dacal&#8217; \u00e9s el seu estudi de disseny que des de 2014 desenvolupa l\u00ednies de peces de vestir sastres i artesanals supra reciclades a mida. &hellip; <a href=\"https:\/\/canserrat.org\/ca\/flor-dacal\">Continued<\/a><\/p>\n","protected":false},"author":4,"featured_media":8226,"comment_status":"closed","ping_status":"closed","sticky":false,"template":"","format":"standard","meta":{"_monsterinsights_skip_tracking":false,"_monsterinsights_sitenote_active":false,"_monsterinsights_sitenote_note":"","_monsterinsights_sitenote_category":0,"footnotes":""},"categories":[22,10,30,11],"tags":[],"_links":{"self":[{"href":"https:\/\/canserrat.org\/ca\/wp-json\/wp\/v2\/posts\/8225"}],"collection":[{"href":"https:\/\/canserrat.org\/ca\/wp-json\/wp\/v2\/posts"}],"about":[{"href":"https:\/\/canserrat.org\/ca\/wp-json\/wp\/v2\/types\/post"}],"author":[{"embeddable":true,"href":"https:\/\/canserrat.org\/ca\/wp-json\/wp\/v2\/users\/4"}],"replies":[{"embeddable":true,"href":"https:\/\/canserrat.org\/ca\/wp-json\/wp\/v2\/comments?post=8225"}],"version-history":[{"count":1,"href":"https:\/\/canserrat.org\/ca\/wp-json\/wp\/v2\/posts\/8225\/revisions"}],"predecessor-version":[{"id":8227,"href":"https:\/\/canserrat.org\/ca\/wp-json\/wp\/v2\/posts\/8225\/revisions\/8227"}],"wp:featuredmedia":[{"embeddable":true,"href":"https:\/\/canserrat.org\/ca\/wp-json\/wp\/v2\/media\/8226"}],"wp:attachment":[{"href":"https:\/\/canserrat.org\/ca\/wp-json\/wp\/v2\/media?parent=8225"}],"wp:term":[{"taxonomy":"category","embeddable":true,"href":"https:\/\/canserrat.org\/ca\/wp-json\/wp\/v2\/categories?post=8225"},{"taxonomy":"post_tag","embeddable":true,"href":"https:\/\/canserrat.org\/ca\/wp-json\/wp\/v2\/tags?post=8225"}],"curies":[{"name":"wp","href":"https:\/\/api.w.org\/{rel}","templated":true}]}}