{"id":8212,"date":"2024-05-06T09:05:23","date_gmt":"2024-05-06T09:05:23","guid":{"rendered":"https:\/\/canserrat.org\/?p=8212"},"modified":"2024-07-02T09:06:29","modified_gmt":"2024-07-02T09:06:29","slug":"margherita-ferrario-2","status":"publish","type":"post","link":"https:\/\/canserrat.org\/ca\/margherita-ferrario-2","title":{"rendered":"Margherita Ferrario"},"content":{"rendered":"<img decoding=\"async\" loading=\"lazy\" class=\"size-medium wp-image-8213 aligncenter\" src=\"http:\/\/canserrat.org\/wp-content\/uploads\/2024\/05\/M_Ferrario-Margherita-Ferrario-300x300.jpeg\" alt=\"\" width=\"300\" height=\"300\" srcset=\"https:\/\/canserrat.org\/wp-content\/uploads\/2024\/05\/M_Ferrario-Margherita-Ferrario-300x300.jpeg 300w, https:\/\/canserrat.org\/wp-content\/uploads\/2024\/05\/M_Ferrario-Margherita-Ferrario-150x150.jpeg 150w, https:\/\/canserrat.org\/wp-content\/uploads\/2024\/05\/M_Ferrario-Margherita-Ferrario-365x365.jpeg 365w, https:\/\/canserrat.org\/wp-content\/uploads\/2024\/05\/M_Ferrario-Margherita-Ferrario-540x540.jpeg 540w, https:\/\/canserrat.org\/wp-content\/uploads\/2024\/05\/M_Ferrario-Margherita-Ferrario-270x270.jpeg 270w, https:\/\/canserrat.org\/wp-content\/uploads\/2024\/05\/M_Ferrario-Margherita-Ferrario-400x400.jpeg 400w, https:\/\/canserrat.org\/wp-content\/uploads\/2024\/05\/M_Ferrario-Margherita-Ferrario.jpeg 720w\" sizes=\"(max-width: 300px) 100vw, 300px\" \/><\/p>\n<p>&nbsp;<\/p>\n<p>Margherita (1995) pensa en paraules i per tant ella escriu.<\/p>\n<p>Amb base a Tur\u00edn, It\u00e0lia, especialitza en comunicaci\u00f3 social i ambiental, coordinaci\u00f3 editorial i literatura incendi\u00e0ria, q\u00fcestionant constantment les narratives que donem per fetes i el seu paper en impulsar o frenar el canvi. Ella vessa l&#8217;eco-cr\u00edtica en els seus escrits i projectes editorials, centrant-se en la relaci\u00f3 entre el hum\u00e0 i el no hum\u00e0, i en el no hum\u00e0 dins del hum\u00e0, amb un enfocament en el concepte de lo hum\u00e0. Els seus autors guia s\u00f3n Clarice Lispector, Anna Maria Ortese i Amelia Rosselli.<\/p>\n<p>Margherita fa la seva resid\u00e8ncia a Can Serrat durant maig-juny de 2024.","protected":false},"excerpt":{"rendered":"<p>&nbsp; Margherita (1995) pensa en paraules i per tant ella escriu. Amb base a Tur\u00edn, It\u00e0lia, especialitza en comunicaci\u00f3 social i ambiental, coordinaci\u00f3 editorial i literatura incendi\u00e0ria, q\u00fcestionant constantment les narratives que donem per fetes i el seu paper en &hellip; <a href=\"https:\/\/canserrat.org\/ca\/margherita-ferrario-2\">Continued<\/a><\/p>\n","protected":false},"author":4,"featured_media":8213,"comment_status":"closed","ping_status":"closed","sticky":false,"template":"","format":"standard","meta":{"_monsterinsights_skip_tracking":false,"_monsterinsights_sitenote_active":false,"_monsterinsights_sitenote_note":"","_monsterinsights_sitenote_category":0,"footnotes":""},"categories":[10,11],"tags":[],"_links":{"self":[{"href":"https:\/\/canserrat.org\/ca\/wp-json\/wp\/v2\/posts\/8212"}],"collection":[{"href":"https:\/\/canserrat.org\/ca\/wp-json\/wp\/v2\/posts"}],"about":[{"href":"https:\/\/canserrat.org\/ca\/wp-json\/wp\/v2\/types\/post"}],"author":[{"embeddable":true,"href":"https:\/\/canserrat.org\/ca\/wp-json\/wp\/v2\/users\/4"}],"replies":[{"embeddable":true,"href":"https:\/\/canserrat.org\/ca\/wp-json\/wp\/v2\/comments?post=8212"}],"version-history":[{"count":1,"href":"https:\/\/canserrat.org\/ca\/wp-json\/wp\/v2\/posts\/8212\/revisions"}],"predecessor-version":[{"id":8214,"href":"https:\/\/canserrat.org\/ca\/wp-json\/wp\/v2\/posts\/8212\/revisions\/8214"}],"wp:featuredmedia":[{"embeddable":true,"href":"https:\/\/canserrat.org\/ca\/wp-json\/wp\/v2\/media\/8213"}],"wp:attachment":[{"href":"https:\/\/canserrat.org\/ca\/wp-json\/wp\/v2\/media?parent=8212"}],"wp:term":[{"taxonomy":"category","embeddable":true,"href":"https:\/\/canserrat.org\/ca\/wp-json\/wp\/v2\/categories?post=8212"},{"taxonomy":"post_tag","embeddable":true,"href":"https:\/\/canserrat.org\/ca\/wp-json\/wp\/v2\/tags?post=8212"}],"curies":[{"name":"wp","href":"https:\/\/api.w.org\/{rel}","templated":true}]}}