{"id":8194,"date":"2024-04-24T10:18:30","date_gmt":"2024-04-24T10:18:30","guid":{"rendered":"https:\/\/canserrat.org\/?p=8194"},"modified":"2024-04-24T10:18:30","modified_gmt":"2024-04-24T10:18:30","slug":"call-result__collective-creation-2025","status":"publish","type":"post","link":"https:\/\/canserrat.org\/ca\/call-result__collective-creation-2025","title":{"rendered":"RESULTAT CONVOCAT\u00d2RIA__Creaci\u00f3 Col\u00b7lectiva 2025"},"content":{"rendered":"<div class=\"tlid-input input\">\n<div class=\"source-wrap\">\n<div class=\"input-full-height-wrapper tlid-input-full-height-wrapper\">\n<div class=\"source-input\">\n<div class=\"source-footer-wrap source-or-target-footer\">\n<div class=\"character-count tlid-character-count\">\n<div class=\"tlid-input input\">\n<div class=\"source-wrap\">\n<div class=\"input-full-height-wrapper tlid-input-full-height-wrapper\">\n<div class=\"source-input\">\n<div class=\"source-footer-wrap source-or-target-footer\">\n<div class=\"character-count tlid-character-count\">\n<p>&nbsp;<\/p>\n<p>En el marc d\u2019aquest jurat, es van rebre moltes sol\u00b7licituds d\u2019escriptor_s i artistes de tot el m\u00f3n i un gran nombre d\u2019elles eren d\u2019una qualitat impressionant. El jurat ha gaudit molt de tots els projectes presentats i, una vegada m\u00e9s, ha estat un repte fer la selecci\u00f3. Despr\u00e9s de passar hores debatent, han estat seleccionades 20 propostes per a integrar el programa de resid\u00e8ncia. El jurat va tenir molta cura de convidar a projectes que fossin espec\u00edficament rellevants pel context de Can Serrat.<\/p>\n<\/div>\n<\/div>\n<\/div>\n<\/div>\n<\/div>\n<\/div>\n<div>\n<p>&nbsp;<\/p>\n<p><strong>Jurat:<\/strong><\/p>\n<p class=\"p1\">Paola Caballero Daza_Gestora cultural i directora de la fundaci\u00f3 <a href=\"https:\/\/guionbajo.org\/\" target=\"_blank\" rel=\"noopener\">guion_bajo<\/a><\/p>\n<p class=\"p1\"><span class=\"s1\">Sarah Goodchild Robb_Coordinadora de residents i responsable de la comunicaci\u00f3 (veu sense vot).<\/span><\/p>\n<p>&nbsp;<\/p>\n<\/div>\n<\/div>\n<\/div>\n<\/div>\n<\/div>\n<\/div>\n<\/div>\n<div>\n<p><strong>INVITACI\u00d3 PARCIAL &#8212;<\/strong><\/p>\n<div>\n<p style=\"padding-left: 120px;\"><span style=\"color: #008000;\"><strong>Vivian Abenshushan<\/strong><\/span><\/p>\n<p style=\"padding-left: 120px;\"><span style=\"color: #008000;\"><strong>Klimka Ionah Bat Nuur-Maikov<\/strong><\/span><\/p>\n<p style=\"padding-left: 120px;\"><span style=\"color: #008000;\"><strong>Karl Jansen Guti\u00e9rrez<\/strong><\/span><\/p>\n<p style=\"padding-left: 120px;\"><span style=\"color: #008000;\"><strong>Luisa Manci\u00e1<\/strong><\/span><\/p>\n<p style=\"padding-left: 120px;\"><span style=\"color: #008000;\"><strong>Marina Garcia Andreu<\/strong><\/span><\/p>\n<p style=\"padding-left: 120px;\"><span style=\"color: #008000;\"><strong>Jimena Blanco Jalil<\/strong><\/span><\/p>\n<p style=\"padding-left: 120px;\"><span style=\"color: #008000;\"><strong>Florencia Di Paolo<\/strong><\/span><\/p>\n<p style=\"padding-left: 120px;\"><span style=\"color: #008000;\"><strong>Eliana Hern\u00e1ndez<\/strong><\/span><\/p>\n<p style=\"padding-left: 120px;\"><span style=\"color: #008000;\"><strong>Teresa Gubern<\/strong><\/span><\/p>\n<p style=\"padding-left: 120px;\"><span style=\"color: #008000;\"><strong>Nadia Gonz\u00e1lez-Barr\u00eda<\/strong><\/span><\/p>\n<p style=\"padding-left: 120px;\"><span style=\"color: #008000;\"><strong>Laia Borr\u00e0s Herv\u00e0s<\/strong><\/span><\/p>\n<p style=\"padding-left: 120px;\"><span style=\"color: #008000;\"><strong>Adela Vidal<\/strong><\/span><\/p>\n<p style=\"padding-left: 120px;\"><span style=\"color: #008000;\"><strong>Julieta Rosell<\/strong><\/span><\/p>\n<p style=\"padding-left: 120px;\"><span style=\"color: #008000;\"><strong>Alejandra Arreola<\/strong><\/span><\/p>\n<p style=\"padding-left: 120px;\"><span style=\"color: #008000;\"><strong>Ana Bar\u00f3n Montero de Espinosa<\/strong><\/span><\/p>\n<p style=\"padding-left: 120px;\"><span style=\"color: #008000;\"><strong>Freja Ima Beck Iassen<\/strong><\/span><\/p>\n<p style=\"padding-left: 120px;\"><span style=\"color: #008000;\"><strong>Sofia Gil de Biedma<\/strong><\/span><\/p>\n<p style=\"padding-left: 120px;\"><span style=\"color: #008000;\"><strong>Carla Arcos<\/strong><\/span><\/p>\n<p style=\"padding-left: 120px;\"><span style=\"color: #008000;\"><strong>Maria Esteve<\/strong><\/span><\/p>\n<p style=\"padding-left: 120px;\"><span style=\"color: #008000;\"><strong>P\u00eda Carrillo<\/strong><\/span><\/p>\n<\/div>\n<p>&nbsp;<\/p>\n<\/div>\n<p>* Sabem que \u00e9s molt dif\u00edcil generar espais de cura dins d\u2019una convocat\u00f2ria, per\u00f2 volem agrair de tot cor, a totes les persones que ens han fet arribar les seves propostes. Ha estat un plaer llegir-les, endinsar-se en les seves pr\u00e0ctiques i entrar en contacte amb elles.","protected":false},"excerpt":{"rendered":"<p>&nbsp; En el marc d\u2019aquest jurat, es van rebre moltes sol\u00b7licituds d\u2019escriptor_s i artistes de tot el m\u00f3n i un gran nombre d\u2019elles eren d\u2019una qualitat impressionant. El jurat ha gaudit molt de tots els projectes presentats i, una vegada &hellip; <a href=\"https:\/\/canserrat.org\/ca\/call-result__collective-creation-2025\">Continued<\/a><\/p>\n","protected":false},"author":4,"featured_media":8195,"comment_status":"closed","ping_status":"closed","sticky":false,"template":"","format":"standard","meta":{"_monsterinsights_skip_tracking":false,"_monsterinsights_sitenote_active":false,"_monsterinsights_sitenote_note":"","_monsterinsights_sitenote_category":0,"footnotes":""},"categories":[22,71,37],"tags":[],"_links":{"self":[{"href":"https:\/\/canserrat.org\/ca\/wp-json\/wp\/v2\/posts\/8194"}],"collection":[{"href":"https:\/\/canserrat.org\/ca\/wp-json\/wp\/v2\/posts"}],"about":[{"href":"https:\/\/canserrat.org\/ca\/wp-json\/wp\/v2\/types\/post"}],"author":[{"embeddable":true,"href":"https:\/\/canserrat.org\/ca\/wp-json\/wp\/v2\/users\/4"}],"replies":[{"embeddable":true,"href":"https:\/\/canserrat.org\/ca\/wp-json\/wp\/v2\/comments?post=8194"}],"version-history":[{"count":1,"href":"https:\/\/canserrat.org\/ca\/wp-json\/wp\/v2\/posts\/8194\/revisions"}],"predecessor-version":[{"id":8196,"href":"https:\/\/canserrat.org\/ca\/wp-json\/wp\/v2\/posts\/8194\/revisions\/8196"}],"wp:featuredmedia":[{"embeddable":true,"href":"https:\/\/canserrat.org\/ca\/wp-json\/wp\/v2\/media\/8195"}],"wp:attachment":[{"href":"https:\/\/canserrat.org\/ca\/wp-json\/wp\/v2\/media?parent=8194"}],"wp:term":[{"taxonomy":"category","embeddable":true,"href":"https:\/\/canserrat.org\/ca\/wp-json\/wp\/v2\/categories?post=8194"},{"taxonomy":"post_tag","embeddable":true,"href":"https:\/\/canserrat.org\/ca\/wp-json\/wp\/v2\/tags?post=8194"}],"curies":[{"name":"wp","href":"https:\/\/api.w.org\/{rel}","templated":true}]}}