{"id":7957,"date":"2024-01-26T10:01:36","date_gmt":"2024-01-26T10:01:36","guid":{"rendered":"https:\/\/canserrat.org\/?p=7957"},"modified":"2025-06-09T11:22:17","modified_gmt":"2025-06-09T11:22:17","slug":"tara-mcginn","status":"publish","type":"post","link":"https:\/\/canserrat.org\/ca\/tara-mcginn","title":{"rendered":"Tara McGinn"},"content":{"rendered":"<img decoding=\"async\" loading=\"lazy\" class=\"wp-image-8826 size-medium aligncenter\" src=\"http:\/\/canserrat.org\/wp-content\/uploads\/2024\/01\/WhatsApp-Image-2024-04-24-at-21.34.56-1-Tara-McGinn-220x300.jpeg\" alt=\"\" width=\"220\" height=\"300\" srcset=\"https:\/\/canserrat.org\/wp-content\/uploads\/2024\/01\/WhatsApp-Image-2024-04-24-at-21.34.56-1-Tara-McGinn-220x300.jpeg 220w, https:\/\/canserrat.org\/wp-content\/uploads\/2024\/01\/WhatsApp-Image-2024-04-24-at-21.34.56-1-Tara-McGinn-749x1024.jpeg 749w, https:\/\/canserrat.org\/wp-content\/uploads\/2024\/01\/WhatsApp-Image-2024-04-24-at-21.34.56-1-Tara-McGinn-1124x1536.jpeg 1124w, https:\/\/canserrat.org\/wp-content\/uploads\/2024\/01\/WhatsApp-Image-2024-04-24-at-21.34.56-1-Tara-McGinn-586x800.jpeg 586w, https:\/\/canserrat.org\/wp-content\/uploads\/2024\/01\/WhatsApp-Image-2024-04-24-at-21.34.56-1-Tara-McGinn-293x400.jpeg 293w, https:\/\/canserrat.org\/wp-content\/uploads\/2024\/01\/WhatsApp-Image-2024-04-24-at-21.34.56-1-Tara-McGinn.jpeg 1171w\" sizes=\"(max-width: 220px) 100vw, 220px\" \/><\/p>\n<p>&nbsp;<\/p>\n<p>Tara McGinn (n. 1993) desenvolupa una pr\u00e0ctica interdisciplin\u00e0ria que combina la (re)producci\u00f3 escult\u00f2rica, el muntatge basat en imatges i divagacions cap a l&#8217;escriptura, desenvolupant processos d&#8217;estudi i recerca que connecten, contrasten i tradueixen temes de trauma, mem\u00f2ria, identitat i espai. Respon de manera intuitiva als mitjans i abra\u00e7a la maleabilitat de les formes, q\u00fcestionant el llenguatge dels materials pr\u00e0ctics i digitals, explotant la narraci\u00f3 com a dispositiu de superposici\u00f3, transformant el significat d&#8217;objectes, interiors i les seves superf\u00edcies com a llocs per a pr\u00e0ctiques culturals i narratives pol\u00edtiques que interactuen com a ficcions juganeres i \u00edntimes. Actualment, \u00e9s artista del Programa d&#8217;Artistes Freeland a Londres i compta amb el suport del Consell de les Arts d&#8217;Irlanda.<\/p>\n<p>Tara es troba en resid\u00e8ncia a Can Serrat durant els mesos de gener i febrer del 2024.<\/p>\n<p>&nbsp;<\/p>\n<p><b>Sobre el seu proc\u00e9s de treball a la resid\u00e8ncia &gt;&gt;&gt;<\/b><\/p>\n\n<p class=\"gde-text\"><a href=\"http:\/\/canserrat.org\/wp-content\/uploads\/2024\/01\/Tara-McGinn-Statement_Bio-Tara-McGinn.pdf\" class=\"gde-link\">Descargar (PDF, 16.64MB)<\/a><\/p>","protected":false},"excerpt":{"rendered":"<p>&nbsp; Tara McGinn (n. 1993) desenvolupa una pr\u00e0ctica interdisciplin\u00e0ria que combina la (re)producci\u00f3 escult\u00f2rica, el muntatge basat en imatges i divagacions cap a l&#8217;escriptura, desenvolupant processos d&#8217;estudi i recerca que connecten, contrasten i tradueixen temes de trauma, mem\u00f2ria, identitat i &hellip; <a href=\"https:\/\/canserrat.org\/ca\/tara-mcginn\">Continued<\/a><\/p>\n","protected":false},"author":4,"featured_media":8826,"comment_status":"closed","ping_status":"closed","sticky":false,"template":"","format":"standard","meta":{"_monsterinsights_skip_tracking":false,"_monsterinsights_sitenote_active":false,"_monsterinsights_sitenote_note":"","_monsterinsights_sitenote_category":0,"footnotes":""},"categories":[10,11],"tags":[],"_links":{"self":[{"href":"https:\/\/canserrat.org\/ca\/wp-json\/wp\/v2\/posts\/7957"}],"collection":[{"href":"https:\/\/canserrat.org\/ca\/wp-json\/wp\/v2\/posts"}],"about":[{"href":"https:\/\/canserrat.org\/ca\/wp-json\/wp\/v2\/types\/post"}],"author":[{"embeddable":true,"href":"https:\/\/canserrat.org\/ca\/wp-json\/wp\/v2\/users\/4"}],"replies":[{"embeddable":true,"href":"https:\/\/canserrat.org\/ca\/wp-json\/wp\/v2\/comments?post=7957"}],"version-history":[{"count":2,"href":"https:\/\/canserrat.org\/ca\/wp-json\/wp\/v2\/posts\/7957\/revisions"}],"predecessor-version":[{"id":8828,"href":"https:\/\/canserrat.org\/ca\/wp-json\/wp\/v2\/posts\/7957\/revisions\/8828"}],"wp:featuredmedia":[{"embeddable":true,"href":"https:\/\/canserrat.org\/ca\/wp-json\/wp\/v2\/media\/8826"}],"wp:attachment":[{"href":"https:\/\/canserrat.org\/ca\/wp-json\/wp\/v2\/media?parent=7957"}],"wp:term":[{"taxonomy":"category","embeddable":true,"href":"https:\/\/canserrat.org\/ca\/wp-json\/wp\/v2\/categories?post=7957"},{"taxonomy":"post_tag","embeddable":true,"href":"https:\/\/canserrat.org\/ca\/wp-json\/wp\/v2\/tags?post=7957"}],"curies":[{"name":"wp","href":"https:\/\/api.w.org\/{rel}","templated":true}]}}