{"id":7951,"date":"2024-01-26T09:52:06","date_gmt":"2024-01-26T09:52:06","guid":{"rendered":"https:\/\/canserrat.org\/?p=7951"},"modified":"2024-05-06T08:45:19","modified_gmt":"2024-05-06T08:45:19","slug":"isabel-torres","status":"publish","type":"post","link":"https:\/\/canserrat.org\/ca\/isabel-torres","title":{"rendered":"Isabel Torres"},"content":{"rendered":"<img decoding=\"async\" loading=\"lazy\" class=\"size-medium wp-image-7952 aligncenter\" src=\"http:\/\/canserrat.org\/wp-content\/uploads\/2024\/01\/WhatsApp-Image-2023-03-30-at-4.08.41-PM-1-Isabel-Cristina-Torres-225x300.jpeg\" alt=\"\" width=\"225\" height=\"300\" srcset=\"https:\/\/canserrat.org\/wp-content\/uploads\/2024\/01\/WhatsApp-Image-2023-03-30-at-4.08.41-PM-1-Isabel-Cristina-Torres-225x300.jpeg 225w, https:\/\/canserrat.org\/wp-content\/uploads\/2024\/01\/WhatsApp-Image-2023-03-30-at-4.08.41-PM-1-Isabel-Cristina-Torres-768x1024.jpeg 768w, https:\/\/canserrat.org\/wp-content\/uploads\/2024\/01\/WhatsApp-Image-2023-03-30-at-4.08.41-PM-1-Isabel-Cristina-Torres.jpeg 960w\" sizes=\"(max-width: 225px) 100vw, 225px\" \/><\/p>\n<p>&nbsp;<\/p>\n<p>L&#8217;Isabel Torres s&#8217;ha interessat a mantenir un di\u00e0leg actiu entre disciplines art\u00edstiques com el cinema, la pintura i la performance. Els espais d&#8217;exploraci\u00f3 en els quals es dedica com a artista aborden temes claus com la mem\u00f2ria inconscient de la inf\u00e0ncia i els jocs m\u00edstics com a eina de psicoan\u00e0lisi. Les seves pintures remeten com a documents on\u00edrics, on les arquitectures futuristes, els horitzons i la fragmentaci\u00f3 de l&#8217;espai dialoguen per generar llocs ut\u00f2pics. En les seves performances, els conceptes de l&#8217;ordinari i el popular es evidencien per causar remembrances des del somni i des de l&#8217;inconscient.<\/p>\n<p>Isabel fa la seva resid\u00e8ncia a Can Serrat durant els mesos de gener i febrer de 2024.","protected":false},"excerpt":{"rendered":"<p>&nbsp; L&#8217;Isabel Torres s&#8217;ha interessat a mantenir un di\u00e0leg actiu entre disciplines art\u00edstiques com el cinema, la pintura i la performance. Els espais d&#8217;exploraci\u00f3 en els quals es dedica com a artista aborden temes claus com la mem\u00f2ria inconscient de &hellip; <a href=\"https:\/\/canserrat.org\/ca\/isabel-torres\">Continued<\/a><\/p>\n","protected":false},"author":4,"featured_media":7952,"comment_status":"closed","ping_status":"closed","sticky":false,"template":"","format":"standard","meta":{"_monsterinsights_skip_tracking":false,"_monsterinsights_sitenote_active":false,"_monsterinsights_sitenote_note":"","_monsterinsights_sitenote_category":0,"footnotes":""},"categories":[22,10,11],"tags":[],"_links":{"self":[{"href":"https:\/\/canserrat.org\/ca\/wp-json\/wp\/v2\/posts\/7951"}],"collection":[{"href":"https:\/\/canserrat.org\/ca\/wp-json\/wp\/v2\/posts"}],"about":[{"href":"https:\/\/canserrat.org\/ca\/wp-json\/wp\/v2\/types\/post"}],"author":[{"embeddable":true,"href":"https:\/\/canserrat.org\/ca\/wp-json\/wp\/v2\/users\/4"}],"replies":[{"embeddable":true,"href":"https:\/\/canserrat.org\/ca\/wp-json\/wp\/v2\/comments?post=7951"}],"version-history":[{"count":1,"href":"https:\/\/canserrat.org\/ca\/wp-json\/wp\/v2\/posts\/7951\/revisions"}],"predecessor-version":[{"id":7953,"href":"https:\/\/canserrat.org\/ca\/wp-json\/wp\/v2\/posts\/7951\/revisions\/7953"}],"wp:featuredmedia":[{"embeddable":true,"href":"https:\/\/canserrat.org\/ca\/wp-json\/wp\/v2\/media\/7952"}],"wp:attachment":[{"href":"https:\/\/canserrat.org\/ca\/wp-json\/wp\/v2\/media?parent=7951"}],"wp:term":[{"taxonomy":"category","embeddable":true,"href":"https:\/\/canserrat.org\/ca\/wp-json\/wp\/v2\/categories?post=7951"},{"taxonomy":"post_tag","embeddable":true,"href":"https:\/\/canserrat.org\/ca\/wp-json\/wp\/v2\/tags?post=7951"}],"curies":[{"name":"wp","href":"https:\/\/api.w.org\/{rel}","templated":true}]}}