{"id":7938,"date":"2023-12-07T12:13:49","date_gmt":"2023-12-07T12:13:49","guid":{"rendered":"https:\/\/canserrat.org\/?p=7938"},"modified":"2023-12-07T12:13:49","modified_gmt":"2023-12-07T12:13:49","slug":"tamara-kogan","status":"publish","type":"post","link":"https:\/\/canserrat.org\/ca\/tamara-kogan","title":{"rendered":"Tamara Kogan"},"content":{"rendered":"<img decoding=\"async\" loading=\"lazy\" class=\"size-medium wp-image-7939 aligncenter\" src=\"http:\/\/canserrat.org\/wp-content\/uploads\/2023\/12\/tamycut-Tamy-Kogan-269x300.jpg\" alt=\"\" width=\"269\" height=\"300\" srcset=\"https:\/\/canserrat.org\/wp-content\/uploads\/2023\/12\/tamycut-Tamy-Kogan-269x300.jpg 269w, https:\/\/canserrat.org\/wp-content\/uploads\/2023\/12\/tamycut-Tamy-Kogan-919x1024.jpg 919w, https:\/\/canserrat.org\/wp-content\/uploads\/2023\/12\/tamycut-Tamy-Kogan-718x800.jpg 718w, https:\/\/canserrat.org\/wp-content\/uploads\/2023\/12\/tamycut-Tamy-Kogan-359x400.jpg 359w, https:\/\/canserrat.org\/wp-content\/uploads\/2023\/12\/tamycut-Tamy-Kogan.jpg 1080w\" sizes=\"(max-width: 269px) 100vw, 269px\" \/><\/p>\n<p>&nbsp;<\/p>\n<p>Tamy (elle) \u00e9s une psic\u00f2legue, escriptore i artista argent\u00edne que desenvolupa una pr\u00e0ctica transdisciplin\u00e0ria centrada en la identitat i situada en la intersecci\u00f3 de l&#8217;artivisme, els drets humans, les diversitats i la salut mental. Van comen\u00e7ar a treballar com a psic\u00f2legue cl\u00ednique el 2012 i es van convertir en un referent de g\u00e8nere en diversos \u00e0mbits, com la Xarxa de Psic\u00f2logxs Feministes a l&#8217;Argentina, acompanyant a persones de la comunitat LGBTQ+, no mon\u00f2games, artistes, escriptors, persones que viuen a l&#8217;estranger i identitats dissidents.<\/p>\n<p>Tamy integra les arts i la psicologia considerant el proc\u00e9s terap\u00e8utic com un proc\u00e9s creatiu en si mateix i facilitant espais co-creatius i oberts on \u00e9s possible treballar amb qualsevol obra art\u00edstica o expressiva. Treballant des d&#8217;una perspectiva despatologitzadora i descentrada del poder, consideren cada persona com a experta en si mateixa i en la seva vida, i acompanyen aquests camins amb converses terap\u00e8utiques, pr\u00e0ctiques narratives, t\u00e8cniques corporals i diferents enfocaments psicol\u00f2gics segons la singularitat i les prefer\u00e8ncies de la persona\/situaci\u00f3.<\/p>\n<p>Tamy va fer la seva resid\u00e8ncia a Can Serrat a l&#8217;octubre de 2023.","protected":false},"excerpt":{"rendered":"<p>&nbsp; Tamy (elle) \u00e9s une psic\u00f2legue, escriptore i artista argent\u00edne que desenvolupa una pr\u00e0ctica transdisciplin\u00e0ria centrada en la identitat i situada en la intersecci\u00f3 de l&#8217;artivisme, els drets humans, les diversitats i la salut mental. Van comen\u00e7ar a treballar com &hellip; <a href=\"https:\/\/canserrat.org\/ca\/tamara-kogan\">Continued<\/a><\/p>\n","protected":false},"author":4,"featured_media":7939,"comment_status":"closed","ping_status":"closed","sticky":false,"template":"","format":"standard","meta":{"_monsterinsights_skip_tracking":false,"_monsterinsights_sitenote_active":false,"_monsterinsights_sitenote_note":"","_monsterinsights_sitenote_category":0,"footnotes":""},"categories":[22,10,11],"tags":[],"_links":{"self":[{"href":"https:\/\/canserrat.org\/ca\/wp-json\/wp\/v2\/posts\/7938"}],"collection":[{"href":"https:\/\/canserrat.org\/ca\/wp-json\/wp\/v2\/posts"}],"about":[{"href":"https:\/\/canserrat.org\/ca\/wp-json\/wp\/v2\/types\/post"}],"author":[{"embeddable":true,"href":"https:\/\/canserrat.org\/ca\/wp-json\/wp\/v2\/users\/4"}],"replies":[{"embeddable":true,"href":"https:\/\/canserrat.org\/ca\/wp-json\/wp\/v2\/comments?post=7938"}],"version-history":[{"count":1,"href":"https:\/\/canserrat.org\/ca\/wp-json\/wp\/v2\/posts\/7938\/revisions"}],"predecessor-version":[{"id":7940,"href":"https:\/\/canserrat.org\/ca\/wp-json\/wp\/v2\/posts\/7938\/revisions\/7940"}],"wp:featuredmedia":[{"embeddable":true,"href":"https:\/\/canserrat.org\/ca\/wp-json\/wp\/v2\/media\/7939"}],"wp:attachment":[{"href":"https:\/\/canserrat.org\/ca\/wp-json\/wp\/v2\/media?parent=7938"}],"wp:term":[{"taxonomy":"category","embeddable":true,"href":"https:\/\/canserrat.org\/ca\/wp-json\/wp\/v2\/categories?post=7938"},{"taxonomy":"post_tag","embeddable":true,"href":"https:\/\/canserrat.org\/ca\/wp-json\/wp\/v2\/tags?post=7938"}],"curies":[{"name":"wp","href":"https:\/\/api.w.org\/{rel}","templated":true}]}}