{"id":7922,"date":"2023-11-10T13:08:32","date_gmt":"2023-11-10T13:08:32","guid":{"rendered":"https:\/\/canserrat.org\/?p=7922"},"modified":"2023-11-10T13:08:32","modified_gmt":"2023-11-10T13:08:32","slug":"meryem-bayram","status":"publish","type":"post","link":"https:\/\/canserrat.org\/ca\/meryem-bayram","title":{"rendered":"Meryem Bayram"},"content":{"rendered":"<img decoding=\"async\" loading=\"lazy\" class=\"size-medium wp-image-7923 aligncenter\" src=\"http:\/\/canserrat.org\/wp-content\/uploads\/2023\/11\/The_House_Of_Beauty_and_Art_2019_LoreSannenFotografie_133-meryem-bayram-200x300.jpg\" alt=\"\" width=\"200\" height=\"300\" srcset=\"https:\/\/canserrat.org\/wp-content\/uploads\/2023\/11\/The_House_Of_Beauty_and_Art_2019_LoreSannenFotografie_133-meryem-bayram-200x300.jpg 200w, https:\/\/canserrat.org\/wp-content\/uploads\/2023\/11\/The_House_Of_Beauty_and_Art_2019_LoreSannenFotografie_133-meryem-bayram-683x1024.jpg 683w, https:\/\/canserrat.org\/wp-content\/uploads\/2023\/11\/The_House_Of_Beauty_and_Art_2019_LoreSannenFotografie_133-meryem-bayram-1024x1536.jpg 1024w, https:\/\/canserrat.org\/wp-content\/uploads\/2023\/11\/The_House_Of_Beauty_and_Art_2019_LoreSannenFotografie_133-meryem-bayram-1365x2048.jpg 1365w, https:\/\/canserrat.org\/wp-content\/uploads\/2023\/11\/The_House_Of_Beauty_and_Art_2019_LoreSannenFotografie_133-meryem-bayram-scaled-267x400.jpg 267w, https:\/\/canserrat.org\/wp-content\/uploads\/2023\/11\/The_House_Of_Beauty_and_Art_2019_LoreSannenFotografie_133-meryem-bayram-scaled.jpg 1707w\" sizes=\"(max-width: 200px) 100vw, 200px\" \/><\/p>\n<p>&nbsp;<\/p>\n<div class=\"flex-1 overflow-hidden\">\n<div class=\"react-scroll-to-bottom--css-yvmlv-79elbk h-full\">\n<div class=\"react-scroll-to-bottom--css-yvmlv-1n7m0yu\">\n<div class=\"flex flex-col text-sm gizmo:pb-9 dark:bg-gray-800 gizmo:dark:bg-transparent\">\n<div class=\"group w-full text-token-text-primary border-b border-black\/10 gizmo:border-0 dark:border-gray-900\/50 gizmo:dark:border-0 bg-gray-50 gizmo:bg-transparent dark:bg-[#444654] gizmo:dark:bg-transparent\" data-testid=\"conversation-turn-43\">\n<div class=\"p-4 gizmo:py-2 justify-center text-base md:gap-6 md:py-6 m-auto\">\n<div class=\"flex flex-1 gap-4 text-base mx-auto md:gap-6 gizmo:gap-3 gizmo:md:px-5 gizmo:lg:px-1 gizmo:xl:px-5 md:max-w-2xl lg:max-w-[38rem] gizmo:md:max-w-3xl gizmo:lg:max-w-[40rem] gizmo:xl:max-w-[48rem] xl:max-w-3xl }\">\n<div class=\"relative flex w-[calc(100%-50px)] flex-col gizmo:w-full lg:w-[calc(100%-115px)] agent-turn\">\n<div class=\"flex-col gap-1 md:gap-3\">\n<div class=\"flex flex-grow flex-col max-w-full gap-3 gizmo:gap-0\">\n<div class=\"min-h-[20px] text-message peer flex flex-col items-start gap-3 whitespace-pre-wrap break-words peer-[.text-message]:mt-5 overflow-x-auto\" data-message-author-role=\"assistant\" data-message-id=\"db54c8b0-eed5-43f2-ac5f-eb0ae7fc0cfc\">\n<div class=\"markdown prose w-full break-words dark:prose-invert light\">\n<p>Meryem Bayram viu i treballa a Amberes, B\u00e8lgica. \u00c9s artista visual, escen\u00f2grafa i comiss\u00e0ria. Bayram va ser membre del col\u00b7lectiu teatral OnderHetvel des de 2006 fins a 2018. Ha treballat com a assessora art\u00edstica per a la Plataforma 0090 des de 2016. De 2020 a 2022 tamb\u00e9 va ser la directora art\u00edstica. Bayram ha estat artista associada de la Plataforma 0090 des de 2013. Bayram va iniciar i comissariar The Image Generator (image-generator.be) el 2020, 2021 i 2022. En el passat, tamb\u00e9 va comissariar Mind the Depth \/2006 a deSingel, Amberes, i Manifest Destiny \/2009 a Extra City, Amberes. En la obra de Meryem Bayram, la relaci\u00f3 en desenvolupament entre el comportament hum\u00e0 i un entorn espacial constru\u00eft \u00e9s la for\u00e7a motriu central. Amb fusta, cart\u00f3 i el\u00e0stics, crea instal\u00b7lacions que segueixen i remodelen els contorns de l&#8217;espai f\u00edsic i, al mateix temps, desafien els cossos vius a habitar i transformar aquest espai.<\/p>\n<p>Meryem va fer la seva resid\u00e8ncia a Can Serrat al novembre de 2023.<\/p>\n<\/div>\n<\/div>\n<\/div>\n<\/div>\n<\/div>\n<\/div>\n<\/div>\n<\/div>\n<\/div>\n<\/div>\n<\/div>\n<\/div>","protected":false},"excerpt":{"rendered":"<p>&nbsp; Meryem Bayram viu i treballa a Amberes, B\u00e8lgica. \u00c9s artista visual, escen\u00f2grafa i comiss\u00e0ria. Bayram va ser membre del col\u00b7lectiu teatral OnderHetvel des de 2006 fins a 2018. Ha treballat com a assessora art\u00edstica per a la Plataforma 0090 &hellip; <a href=\"https:\/\/canserrat.org\/ca\/meryem-bayram\">Continued<\/a><\/p>\n","protected":false},"author":4,"featured_media":7923,"comment_status":"closed","ping_status":"closed","sticky":false,"template":"","format":"standard","meta":{"_monsterinsights_skip_tracking":false,"_monsterinsights_sitenote_active":false,"_monsterinsights_sitenote_note":"","_monsterinsights_sitenote_category":0,"footnotes":""},"categories":[1,22,10,11],"tags":[],"_links":{"self":[{"href":"https:\/\/canserrat.org\/ca\/wp-json\/wp\/v2\/posts\/7922"}],"collection":[{"href":"https:\/\/canserrat.org\/ca\/wp-json\/wp\/v2\/posts"}],"about":[{"href":"https:\/\/canserrat.org\/ca\/wp-json\/wp\/v2\/types\/post"}],"author":[{"embeddable":true,"href":"https:\/\/canserrat.org\/ca\/wp-json\/wp\/v2\/users\/4"}],"replies":[{"embeddable":true,"href":"https:\/\/canserrat.org\/ca\/wp-json\/wp\/v2\/comments?post=7922"}],"version-history":[{"count":1,"href":"https:\/\/canserrat.org\/ca\/wp-json\/wp\/v2\/posts\/7922\/revisions"}],"predecessor-version":[{"id":7924,"href":"https:\/\/canserrat.org\/ca\/wp-json\/wp\/v2\/posts\/7922\/revisions\/7924"}],"wp:featuredmedia":[{"embeddable":true,"href":"https:\/\/canserrat.org\/ca\/wp-json\/wp\/v2\/media\/7923"}],"wp:attachment":[{"href":"https:\/\/canserrat.org\/ca\/wp-json\/wp\/v2\/media?parent=7922"}],"wp:term":[{"taxonomy":"category","embeddable":true,"href":"https:\/\/canserrat.org\/ca\/wp-json\/wp\/v2\/categories?post=7922"},{"taxonomy":"post_tag","embeddable":true,"href":"https:\/\/canserrat.org\/ca\/wp-json\/wp\/v2\/tags?post=7922"}],"curies":[{"name":"wp","href":"https:\/\/api.w.org\/{rel}","templated":true}]}}