{"id":7888,"date":"2023-11-09T14:56:44","date_gmt":"2023-11-09T14:56:44","guid":{"rendered":"https:\/\/canserrat.org\/?p=7888"},"modified":"2024-01-26T09:46:20","modified_gmt":"2024-01-26T09:46:20","slug":"juan-camilo-martinez-munoz","status":"publish","type":"post","link":"https:\/\/canserrat.org\/ca\/juan-camilo-martinez-munoz","title":{"rendered":"Juan Camilo Mart\u00ednez Mu\u00f1oz"},"content":{"rendered":"<img decoding=\"async\" loading=\"lazy\" class=\"size-medium wp-image-7890 aligncenter\" src=\"http:\/\/canserrat.org\/wp-content\/uploads\/2023\/11\/20170109_134222-Juan-Camilo-Martinez-300x168.jpg\" alt=\"\" width=\"300\" height=\"168\" srcset=\"https:\/\/canserrat.org\/wp-content\/uploads\/2023\/11\/20170109_134222-Juan-Camilo-Martinez-300x168.jpg 300w, https:\/\/canserrat.org\/wp-content\/uploads\/2023\/11\/20170109_134222-Juan-Camilo-Martinez-1024x575.jpg 1024w, https:\/\/canserrat.org\/wp-content\/uploads\/2023\/11\/20170109_134222-Juan-Camilo-Martinez-1536x863.jpg 1536w, https:\/\/canserrat.org\/wp-content\/uploads\/2023\/11\/20170109_134222-Juan-Camilo-Martinez-2048x1150.jpg 2048w, https:\/\/canserrat.org\/wp-content\/uploads\/2023\/11\/20170109_134222-Juan-Camilo-Martinez-scaled-1424x800.jpg 1424w, https:\/\/canserrat.org\/wp-content\/uploads\/2023\/11\/20170109_134222-Juan-Camilo-Martinez-scaled-712x400.jpg 712w\" sizes=\"(max-width: 300px) 100vw, 300px\" \/><\/p>\n<p>&nbsp;<\/p>\n<p>Llicenciat en Lleng\u00fces Estrangeres, artista i gestor cultural de la ciutat de Cali, Col\u00f2mbia. El 2021 va crear el podcast &#8220;Mem\u00f2ries de Mam\u00e0 Agustina&#8221; amb la llevadora, guaridora i s\u00e0via tradicional Misak Agustina Yalanda Tumi\u00f1a. \u00c9s co-fundador del Laboratori Esc\u00e8nic Primordials, amb els quals ha guanyat dues vegades la Beca de Creaci\u00f3 Teatral i la convocat\u00f2ria Joves en Moviment del Ministeri de Cultura de Col\u00f2mbia. La seva obra gira entorn de l&#8217;espiritualitat, les comunitats origin\u00e0ries i la relaci\u00f3 de l&#8217;\u00e9sser hum\u00e0 amb la terra.<\/p>\n<p>Juan Camilo fa la seva residencia a Can Serrat el Novembre de 2023.","protected":false},"excerpt":{"rendered":"<p>&nbsp; Llicenciat en Lleng\u00fces Estrangeres, artista i gestor cultural de la ciutat de Cali, Col\u00f2mbia. El 2021 va crear el podcast &#8220;Mem\u00f2ries de Mam\u00e0 Agustina&#8221; amb la llevadora, guaridora i s\u00e0via tradicional Misak Agustina Yalanda Tumi\u00f1a. \u00c9s co-fundador del Laboratori &hellip; <a href=\"https:\/\/canserrat.org\/ca\/juan-camilo-martinez-munoz\">Continued<\/a><\/p>\n","protected":false},"author":4,"featured_media":7890,"comment_status":"closed","ping_status":"closed","sticky":false,"template":"","format":"standard","meta":{"_monsterinsights_skip_tracking":false,"_monsterinsights_sitenote_active":false,"_monsterinsights_sitenote_note":"","_monsterinsights_sitenote_category":0,"footnotes":""},"categories":[22,10,11],"tags":[],"_links":{"self":[{"href":"https:\/\/canserrat.org\/ca\/wp-json\/wp\/v2\/posts\/7888"}],"collection":[{"href":"https:\/\/canserrat.org\/ca\/wp-json\/wp\/v2\/posts"}],"about":[{"href":"https:\/\/canserrat.org\/ca\/wp-json\/wp\/v2\/types\/post"}],"author":[{"embeddable":true,"href":"https:\/\/canserrat.org\/ca\/wp-json\/wp\/v2\/users\/4"}],"replies":[{"embeddable":true,"href":"https:\/\/canserrat.org\/ca\/wp-json\/wp\/v2\/comments?post=7888"}],"version-history":[{"count":1,"href":"https:\/\/canserrat.org\/ca\/wp-json\/wp\/v2\/posts\/7888\/revisions"}],"predecessor-version":[{"id":7891,"href":"https:\/\/canserrat.org\/ca\/wp-json\/wp\/v2\/posts\/7888\/revisions\/7891"}],"wp:featuredmedia":[{"embeddable":true,"href":"https:\/\/canserrat.org\/ca\/wp-json\/wp\/v2\/media\/7890"}],"wp:attachment":[{"href":"https:\/\/canserrat.org\/ca\/wp-json\/wp\/v2\/media?parent=7888"}],"wp:term":[{"taxonomy":"category","embeddable":true,"href":"https:\/\/canserrat.org\/ca\/wp-json\/wp\/v2\/categories?post=7888"},{"taxonomy":"post_tag","embeddable":true,"href":"https:\/\/canserrat.org\/ca\/wp-json\/wp\/v2\/tags?post=7888"}],"curies":[{"name":"wp","href":"https:\/\/api.w.org\/{rel}","templated":true}]}}