{"id":7877,"date":"2023-11-07T13:05:01","date_gmt":"2023-11-07T13:05:01","guid":{"rendered":"https:\/\/canserrat.org\/?p=7877"},"modified":"2023-11-07T13:16:15","modified_gmt":"2023-11-07T13:16:15","slug":"call-result__summer-fall-2024__visual-artists","status":"publish","type":"post","link":"https:\/\/canserrat.org\/ca\/call-result__summer-fall-2024__visual-artists","title":{"rendered":"RESULTAT CONVOCATORIA__Estiu-Tardor 2024__Artistes Visuals"},"content":{"rendered":"<div class=\"tlid-input input\">\n<div class=\"source-wrap\">\n<div class=\"input-full-height-wrapper tlid-input-full-height-wrapper\">\n<div class=\"source-input\">\n<div class=\"source-footer-wrap source-or-target-footer\">\n<div class=\"character-count tlid-character-count\">\n<div class=\"tlid-input input\">\n<div class=\"source-wrap\">\n<div class=\"input-full-height-wrapper tlid-input-full-height-wrapper\">\n<div class=\"source-input\">\n<div class=\"source-footer-wrap source-or-target-footer\">\n<div class=\"character-count tlid-character-count\">\n<p>&nbsp;<\/p>\n<p>En el marc d\u2019aquest jurat, es van rebre moltes sol\u00b7licituds d\u2019artistes de tot el m\u00f3n i un gran nombre d\u2019elles eren d\u2019una qualitat impressionant. El jurat ha gaudit molt de tots els projectes presentats i, una vegada m\u00e9s, ha estat un repte fer la selecci\u00f3. Despr\u00e9s de passar hores debatent, han estat seleccionades 20 propostes per a integrar el programa de resid\u00e8ncia (1 invitaci\u00f3 completa i 19 invitacions parcials). El jurat va tenir molta cura de convidar a projectes que fossin espec\u00edficament rellevants pel context de Can Serrat.<\/p>\n<\/div>\n<\/div>\n<\/div>\n<\/div>\n<\/div>\n<\/div>\n<div><\/div>\n<\/div>\n<\/div>\n<\/div>\n<\/div>\n<\/div>\n<\/div>\n<div>\n<p><strong>Jurat:<\/strong><\/p>\n<p>Clara Gar\u00ed_Directora de centre d&#8217;art contemporani Nau C\u00f4clea i coordinadora convidada Parasitio #7.<\/p>\n<p>Soohyun Choi_artista interdisciplinar i resident a Can Serrat durant el 2022.<\/p>\n<p>Sophie Blais_Directora de Can Serrat (veu sense vot).<\/p>\n<p>Sarah Goodchild Robb_Coordinadora de residents i encarrgada de communicaci\u00f3 (veu sense vot).<\/p>\n<\/div>\n<p>&nbsp;<\/p>\n<div>\n<p><strong>INVITACI\u00d3 COMPLETA &#8212;<\/strong><\/p>\n<p style=\"padding-left: 120px;\"><strong><span style=\"color: #00ff00;\">Jimena Santana Fandi\u00f1o<\/span><\/strong><\/p>\n<p>&nbsp;<\/p>\n<p><strong>INVITACI\u00d3 PARCIAL &#8212;<\/strong><\/p>\n<div>\n<p style=\"padding-left: 120px;\"><span style=\"color: #00ff00;\"><strong>Allison Acza Figueroa Rojas<\/strong><\/span><\/p>\n<p style=\"padding-left: 120px;\"><span style=\"color: #00ff00;\"><strong>Mona Hedayati<\/strong><\/span><\/p>\n<p style=\"padding-left: 120px;\"><span style=\"color: #00ff00;\"><strong>Gabriela Alonso Mart\u00ednez<\/strong><\/span><\/p>\n<p style=\"padding-left: 120px;\"><span style=\"color: #00ff00;\"><strong>Em&#8217;ma Pinoteau<\/strong><\/span><\/p>\n<p style=\"padding-left: 120px;\"><span style=\"color: #00ff00;\"><strong>Maya Nguyen<\/strong><\/span><\/p>\n<p style=\"padding-left: 120px;\"><span style=\"color: #00ff00;\"><strong>Susan MacLeod<\/strong><\/span><\/p>\n<p style=\"padding-left: 120px;\"><span style=\"color: #00ff00;\"><strong>Adrien Howard<\/strong><\/span><\/p>\n<p style=\"padding-left: 120px;\"><span style=\"color: #00ff00;\"><strong>Mykyta Filonenko<\/strong><\/span><\/p>\n<p style=\"padding-left: 120px;\"><span style=\"color: #00ff00;\"><strong>Charlotte Dani\u00eblse<\/strong><\/span><\/p>\n<p style=\"padding-left: 120px;\"><span style=\"color: #00ff00;\"><strong>Micaela Valdivia Medina<\/strong><\/span><\/p>\n<p style=\"padding-left: 120px;\"><span style=\"color: #00ff00;\"><strong>Amanda Elida Varhaugvik<\/strong><\/span><\/p>\n<p style=\"padding-left: 120px;\"><span style=\"color: #00ff00;\"><strong>Geg\u00e9 M\u00b4bakudi<\/strong><\/span><\/p>\n<p style=\"padding-left: 120px;\"><span style=\"color: #00ff00;\"><strong>Luisebasti\u00e1n Sanabria<\/strong><\/span><\/p>\n<p style=\"padding-left: 120px;\"><span style=\"color: #00ff00;\"><strong>Gugulethu Ndlalani<\/strong><\/span><\/p>\n<p style=\"padding-left: 120px;\"><span style=\"color: #00ff00;\"><strong>Andrea Gonz\u00e1lez<\/strong><\/span><\/p>\n<p style=\"padding-left: 120px;\"><span style=\"color: #00ff00;\"><strong>Angelina Ferrero<\/strong><\/span><\/p>\n<p style=\"padding-left: 120px;\"><span style=\"color: #00ff00;\"><strong>Jillian Adel<\/strong><\/span><\/p>\n<p style=\"padding-left: 120px;\"><span style=\"color: #00ff00;\"><strong>Sandrine Deumierena Heubusch<\/strong><\/span><\/p>\n<\/div>\n<p>&nbsp;<\/p>\n<\/div>\n<p>* Sabem que \u00e9s molt dif\u00edcil generar espais de cura dins d\u2019una convocat\u00f2ria, per\u00f2 volem agrair de tot cor, a totes les persones que ens han fet arribar les seves propostes. Ha estat un plaer llegir-les, endinsar-se en les seves pr\u00e0ctiques i entrar en contacte amb elles.","protected":false},"excerpt":{"rendered":"<p>&nbsp; En el marc d\u2019aquest jurat, es van rebre moltes sol\u00b7licituds d\u2019artistes de tot el m\u00f3n i un gran nombre d\u2019elles eren d\u2019una qualitat impressionant. El jurat ha gaudit molt de tots els projectes presentats i, una vegada m\u00e9s, ha &hellip; <a href=\"https:\/\/canserrat.org\/ca\/call-result__summer-fall-2024__visual-artists\">Continued<\/a><\/p>\n","protected":false},"author":4,"featured_media":7794,"comment_status":"closed","ping_status":"closed","sticky":false,"template":"","format":"standard","meta":{"_monsterinsights_skip_tracking":false,"_monsterinsights_sitenote_active":false,"_monsterinsights_sitenote_note":"","_monsterinsights_sitenote_category":0,"footnotes":""},"categories":[22,71,37],"tags":[],"_links":{"self":[{"href":"https:\/\/canserrat.org\/ca\/wp-json\/wp\/v2\/posts\/7877"}],"collection":[{"href":"https:\/\/canserrat.org\/ca\/wp-json\/wp\/v2\/posts"}],"about":[{"href":"https:\/\/canserrat.org\/ca\/wp-json\/wp\/v2\/types\/post"}],"author":[{"embeddable":true,"href":"https:\/\/canserrat.org\/ca\/wp-json\/wp\/v2\/users\/4"}],"replies":[{"embeddable":true,"href":"https:\/\/canserrat.org\/ca\/wp-json\/wp\/v2\/comments?post=7877"}],"version-history":[{"count":2,"href":"https:\/\/canserrat.org\/ca\/wp-json\/wp\/v2\/posts\/7877\/revisions"}],"predecessor-version":[{"id":7879,"href":"https:\/\/canserrat.org\/ca\/wp-json\/wp\/v2\/posts\/7877\/revisions\/7879"}],"wp:featuredmedia":[{"embeddable":true,"href":"https:\/\/canserrat.org\/ca\/wp-json\/wp\/v2\/media\/7794"}],"wp:attachment":[{"href":"https:\/\/canserrat.org\/ca\/wp-json\/wp\/v2\/media?parent=7877"}],"wp:term":[{"taxonomy":"category","embeddable":true,"href":"https:\/\/canserrat.org\/ca\/wp-json\/wp\/v2\/categories?post=7877"},{"taxonomy":"post_tag","embeddable":true,"href":"https:\/\/canserrat.org\/ca\/wp-json\/wp\/v2\/tags?post=7877"}],"curies":[{"name":"wp","href":"https:\/\/api.w.org\/{rel}","templated":true}]}}