{"id":7821,"date":"2023-09-21T16:25:11","date_gmt":"2023-09-21T16:25:11","guid":{"rendered":"https:\/\/canserrat.org\/?p=7821"},"modified":"2023-10-26T11:10:49","modified_gmt":"2023-10-26T11:10:49","slug":"claudia-valero","status":"publish","type":"post","link":"https:\/\/canserrat.org\/ca\/claudia-valero","title":{"rendered":"Claudia Valero"},"content":{"rendered":"&nbsp;<\/p>\n<p><img decoding=\"async\" loading=\"lazy\" class=\" wp-image-7822 aligncenter\" src=\"http:\/\/canserrat.org\/wp-content\/uploads\/2023\/09\/Claudia-Valero-Claudia-Valero.jpg\" alt=\"\" width=\"303\" height=\"395\" srcset=\"https:\/\/canserrat.org\/wp-content\/uploads\/2023\/09\/Claudia-Valero-Claudia-Valero.jpg 708w, https:\/\/canserrat.org\/wp-content\/uploads\/2023\/09\/Claudia-Valero-Claudia-Valero-230x300.jpg 230w, https:\/\/canserrat.org\/wp-content\/uploads\/2023\/09\/Claudia-Valero-Claudia-Valero-614x800.jpg 614w, https:\/\/canserrat.org\/wp-content\/uploads\/2023\/09\/Claudia-Valero-Claudia-Valero-307x400.jpg 307w\" sizes=\"(max-width: 303px) 100vw, 303px\" \/><\/p>\n<p>&nbsp;<\/p>\n<p>Bogot\u00e0, Col\u00f2mbia (1991). Master en Escriptura creativa de l&#8217;institut Car i Corb amb manuscrit llorejat. Master en Hist\u00f2ria i Teoria de l&#8217;Art, l&#8217;Arquitectura i la ciutat de la Universitat Nacional de Col\u00f2mbia. Escriptora, docent universit\u00e0ria i cr\u00edtica est\u00e8tica. Guanyadora del concurs districtual de conte. Ciutat de Bogot\u00e0 Idartes (2018). Finalista concurs de conte Ibraco El Brasil dels somnis (2019) i Concurs de conte De sobretaula de l&#8217;Institut Car i Corb (2015). Seleccionada per Penguin Random House com a escriptora nova per a l&#8217;agenda editorial del 2024.<\/p>\n<p>La Claudia fa la seva residencia a Can Serrat el Setembre de 2023.","protected":false},"excerpt":{"rendered":"<p>&nbsp; &nbsp; Bogot\u00e0, Col\u00f2mbia (1991). Master en Escriptura creativa de l&#8217;institut Car i Corb amb manuscrit llorejat. Master en Hist\u00f2ria i Teoria de l&#8217;Art, l&#8217;Arquitectura i la ciutat de la Universitat Nacional de Col\u00f2mbia. Escriptora, docent universit\u00e0ria i cr\u00edtica est\u00e8tica. &hellip; <a href=\"https:\/\/canserrat.org\/ca\/claudia-valero\">Continued<\/a><\/p>\n","protected":false},"author":6,"featured_media":7822,"comment_status":"closed","ping_status":"closed","sticky":false,"template":"","format":"standard","meta":{"_monsterinsights_skip_tracking":false,"_monsterinsights_sitenote_active":false,"_monsterinsights_sitenote_note":"","_monsterinsights_sitenote_category":0,"footnotes":""},"categories":[22,10,11],"tags":[],"_links":{"self":[{"href":"https:\/\/canserrat.org\/ca\/wp-json\/wp\/v2\/posts\/7821"}],"collection":[{"href":"https:\/\/canserrat.org\/ca\/wp-json\/wp\/v2\/posts"}],"about":[{"href":"https:\/\/canserrat.org\/ca\/wp-json\/wp\/v2\/types\/post"}],"author":[{"embeddable":true,"href":"https:\/\/canserrat.org\/ca\/wp-json\/wp\/v2\/users\/6"}],"replies":[{"embeddable":true,"href":"https:\/\/canserrat.org\/ca\/wp-json\/wp\/v2\/comments?post=7821"}],"version-history":[{"count":3,"href":"https:\/\/canserrat.org\/ca\/wp-json\/wp\/v2\/posts\/7821\/revisions"}],"predecessor-version":[{"id":7868,"href":"https:\/\/canserrat.org\/ca\/wp-json\/wp\/v2\/posts\/7821\/revisions\/7868"}],"wp:featuredmedia":[{"embeddable":true,"href":"https:\/\/canserrat.org\/ca\/wp-json\/wp\/v2\/media\/7822"}],"wp:attachment":[{"href":"https:\/\/canserrat.org\/ca\/wp-json\/wp\/v2\/media?parent=7821"}],"wp:term":[{"taxonomy":"category","embeddable":true,"href":"https:\/\/canserrat.org\/ca\/wp-json\/wp\/v2\/categories?post=7821"},{"taxonomy":"post_tag","embeddable":true,"href":"https:\/\/canserrat.org\/ca\/wp-json\/wp\/v2\/tags?post=7821"}],"curies":[{"name":"wp","href":"https:\/\/api.w.org\/{rel}","templated":true}]}}