{"id":7760,"date":"2023-08-10T14:44:39","date_gmt":"2023-08-10T14:44:39","guid":{"rendered":"https:\/\/canserrat.org\/?p=7760"},"modified":"2023-10-05T14:21:36","modified_gmt":"2023-10-05T14:21:36","slug":"luisa-mancilla","status":"publish","type":"post","link":"https:\/\/canserrat.org\/ca\/luisa-mancilla","title":{"rendered":"Luisa Mancilla"},"content":{"rendered":"<img decoding=\"async\" loading=\"lazy\" class=\"size-medium wp-image-7761 aligncenter\" src=\"http:\/\/canserrat.org\/wp-content\/uploads\/2023\/08\/Screen-Shot-2021-07-08-at-9.05.35-PM-Luisa-Mancilla-B.-300x198.png\" alt=\"\" width=\"300\" height=\"198\" srcset=\"https:\/\/canserrat.org\/wp-content\/uploads\/2023\/08\/Screen-Shot-2021-07-08-at-9.05.35-PM-Luisa-Mancilla-B.-300x198.png 300w, https:\/\/canserrat.org\/wp-content\/uploads\/2023\/08\/Screen-Shot-2021-07-08-at-9.05.35-PM-Luisa-Mancilla-B.-1024x675.png 1024w, https:\/\/canserrat.org\/wp-content\/uploads\/2023\/08\/Screen-Shot-2021-07-08-at-9.05.35-PM-Luisa-Mancilla-B.-1536x1013.png 1536w, https:\/\/canserrat.org\/wp-content\/uploads\/2023\/08\/Screen-Shot-2021-07-08-at-9.05.35-PM-Luisa-Mancilla-B..png 1856w\" sizes=\"(max-width: 300px) 100vw, 300px\" \/><\/p>\n<p>&nbsp;<\/p>\n<p>Luisa, un sisme submar\u00ed d&#8217;emoci\u00f3 i racionalitzaci\u00f3 excessiva, amb algues de cinema i esoterisme; va n\u00e9ixer amb la lluna plena en Peixos i el Sol en Virgo, durant un viatge de la seva mare a Bogot\u00e0 (Col\u00f2mbia) el 31 d&#8217;agost de 1993. Tres mesos despr\u00e9s del seu naixement van tornar al seu lloc de resid\u00e8ncia: Ciutat de M\u00e8xic. Despr\u00e9s de sis anys de moure&#8217;s dins de M\u00e8xic, Luisa i la seva fam\u00edlia van emigrar de nou i van fer arrels a Caracas. All\u00ed va cr\u00e9ixer, va estudiar i va passar el temps fins el 2012. Aquest any tothom parlava de la fi del m\u00f3n, del calendari maia i de les profecies, per\u00f2 per a ella aquesta &#8220;fi&#8221; era en realitat el principi. Aquest mateix any va tornar a la seva terra natal, Bogot\u00e0, per a estudiar Comunicaci\u00f3 Audiovisual a la universitat.<\/p>\n<p>Luisa \u00e9s una artista cineasta llatinoamericana establerta a Londres, on actualment est\u00e0 acabant els seus estudis de m\u00e0ster en cinema etnogr\u00e0fic i documental. Es mou naturalment per temes com la migraci\u00f3, la pertinen\u00e7a, el menjar, el g\u00e8nere, la identitat i l&#8217;espiritualitat. A trav\u00e9s d&#8217;aquests temes teixeix hist\u00f2ries amb una petjada \u00edntima, que tamb\u00e9 pretenen tenir un impacte social.<\/p>\n<p>Encara que la seva principal pr\u00e0ctica art\u00edstica ha estat el cinema i la fotografia, Luisa sempre ha escrit en els seus espais privats. A Can Serrat explorar\u00e0 la seva escriptura, barrejada amb el seu inter\u00e8s pel menjar i els llibres de receptes com a mitj\u00e0 de transmissi\u00f3 de llegats i coneixements ancestrals de cura i afecte.<\/p>\n<p>&nbsp;<\/p>\n<p>La Luisa fa la seva resid\u00e8ncia a Can Serrat durant el mes d&#8217;Agost de 2023.","protected":false},"excerpt":{"rendered":"<p>&nbsp; Luisa, un sisme submar\u00ed d&#8217;emoci\u00f3 i racionalitzaci\u00f3 excessiva, amb algues de cinema i esoterisme; va n\u00e9ixer amb la lluna plena en Peixos i el Sol en Virgo, durant un viatge de la seva mare a Bogot\u00e0 (Col\u00f2mbia) el 31 &hellip; <a href=\"https:\/\/canserrat.org\/ca\/luisa-mancilla\">Continued<\/a><\/p>\n","protected":false},"author":4,"featured_media":7761,"comment_status":"closed","ping_status":"closed","sticky":false,"template":"","format":"standard","meta":{"_monsterinsights_skip_tracking":false,"_monsterinsights_sitenote_active":false,"_monsterinsights_sitenote_note":"","_monsterinsights_sitenote_category":0,"footnotes":""},"categories":[22,10,11],"tags":[],"_links":{"self":[{"href":"https:\/\/canserrat.org\/ca\/wp-json\/wp\/v2\/posts\/7760"}],"collection":[{"href":"https:\/\/canserrat.org\/ca\/wp-json\/wp\/v2\/posts"}],"about":[{"href":"https:\/\/canserrat.org\/ca\/wp-json\/wp\/v2\/types\/post"}],"author":[{"embeddable":true,"href":"https:\/\/canserrat.org\/ca\/wp-json\/wp\/v2\/users\/4"}],"replies":[{"embeddable":true,"href":"https:\/\/canserrat.org\/ca\/wp-json\/wp\/v2\/comments?post=7760"}],"version-history":[{"count":3,"href":"https:\/\/canserrat.org\/ca\/wp-json\/wp\/v2\/posts\/7760\/revisions"}],"predecessor-version":[{"id":7773,"href":"https:\/\/canserrat.org\/ca\/wp-json\/wp\/v2\/posts\/7760\/revisions\/7773"}],"wp:featuredmedia":[{"embeddable":true,"href":"https:\/\/canserrat.org\/ca\/wp-json\/wp\/v2\/media\/7761"}],"wp:attachment":[{"href":"https:\/\/canserrat.org\/ca\/wp-json\/wp\/v2\/media?parent=7760"}],"wp:term":[{"taxonomy":"category","embeddable":true,"href":"https:\/\/canserrat.org\/ca\/wp-json\/wp\/v2\/categories?post=7760"},{"taxonomy":"post_tag","embeddable":true,"href":"https:\/\/canserrat.org\/ca\/wp-json\/wp\/v2\/tags?post=7760"}],"curies":[{"name":"wp","href":"https:\/\/api.w.org\/{rel}","templated":true}]}}