{"id":7748,"date":"2023-08-09T16:18:15","date_gmt":"2023-08-09T16:18:15","guid":{"rendered":"https:\/\/canserrat.org\/?p=7748"},"modified":"2023-08-28T13:24:51","modified_gmt":"2023-08-28T13:24:51","slug":"irene-vivas-lalinde","status":"publish","type":"post","link":"https:\/\/canserrat.org\/ca\/irene-vivas-lalinde","title":{"rendered":"Irene Vivas Lalinde"},"content":{"rendered":"<img decoding=\"async\" loading=\"lazy\" class=\"size-medium wp-image-7749 aligncenter\" src=\"http:\/\/canserrat.org\/wp-content\/uploads\/2023\/08\/Foto-IVL-300x200.jpg\" alt=\"\" width=\"300\" height=\"200\" srcset=\"https:\/\/canserrat.org\/wp-content\/uploads\/2023\/08\/Foto-IVL-300x200.jpg 300w, https:\/\/canserrat.org\/wp-content\/uploads\/2023\/08\/Foto-IVL-1024x682.jpg 1024w, https:\/\/canserrat.org\/wp-content\/uploads\/2023\/08\/Foto-IVL-1536x1023.jpg 1536w, https:\/\/canserrat.org\/wp-content\/uploads\/2023\/08\/Foto-IVL.jpg 1600w\" sizes=\"(max-width: 300px) 100vw, 300px\" \/><\/p>\n<p>&nbsp;<\/p>\n<p>Irene Vivas Lalinde va n\u00e9ixer a Val\u00e8ncia (1993) de pare colombi\u00e0 i mare espanyola. Activista clim\u00e0tica, graduada en Dret i M\u00e0ster en Pol\u00edtiques P\u00fabliques, ha viscut a diversos pa\u00efsos a Europa. De petita volia ser arregladora de tot; per\u00f2, despr\u00e9s de travessar una crisi vital, va entendre que millor comen\u00e7ar per arreglar-se una mateixa. El seu amor per la literatura va comen\u00e7ar de nena i va ser alimentada per diverses professores durant l&#8217;escola prim\u00e0ria i la secund\u00e0ria. Ha participat en diversos cursos d&#8217;escriptura creativa i ha format part de col\u00b7lectius aficionats a Val\u00e8ncia. Amb un va publicar el relat curt Onze a Guia definitiva de l&#8217;espera (ed. Contrabando, 2021). El seu refugi \u00e9s en un petit poble de la Rioja. Actualment, escriu a la revista cultural Hyp\u00e9rbole i est\u00e0 treballant a la seva primera novel\u00b7la.","protected":false},"excerpt":{"rendered":"<p>&nbsp; Irene Vivas Lalinde va n\u00e9ixer a Val\u00e8ncia (1993) de pare colombi\u00e0 i mare espanyola. Activista clim\u00e0tica, graduada en Dret i M\u00e0ster en Pol\u00edtiques P\u00fabliques, ha viscut a diversos pa\u00efsos a Europa. De petita volia ser arregladora de tot; per\u00f2, &hellip; <a href=\"https:\/\/canserrat.org\/ca\/irene-vivas-lalinde\">Continued<\/a><\/p>\n","protected":false},"author":4,"featured_media":7749,"comment_status":"closed","ping_status":"closed","sticky":false,"template":"","format":"standard","meta":{"_monsterinsights_skip_tracking":false,"_monsterinsights_sitenote_active":false,"_monsterinsights_sitenote_note":"","_monsterinsights_sitenote_category":0,"footnotes":""},"categories":[22,11],"tags":[],"_links":{"self":[{"href":"https:\/\/canserrat.org\/ca\/wp-json\/wp\/v2\/posts\/7748"}],"collection":[{"href":"https:\/\/canserrat.org\/ca\/wp-json\/wp\/v2\/posts"}],"about":[{"href":"https:\/\/canserrat.org\/ca\/wp-json\/wp\/v2\/types\/post"}],"author":[{"embeddable":true,"href":"https:\/\/canserrat.org\/ca\/wp-json\/wp\/v2\/users\/4"}],"replies":[{"embeddable":true,"href":"https:\/\/canserrat.org\/ca\/wp-json\/wp\/v2\/comments?post=7748"}],"version-history":[{"count":1,"href":"https:\/\/canserrat.org\/ca\/wp-json\/wp\/v2\/posts\/7748\/revisions"}],"predecessor-version":[{"id":7750,"href":"https:\/\/canserrat.org\/ca\/wp-json\/wp\/v2\/posts\/7748\/revisions\/7750"}],"wp:featuredmedia":[{"embeddable":true,"href":"https:\/\/canserrat.org\/ca\/wp-json\/wp\/v2\/media\/7749"}],"wp:attachment":[{"href":"https:\/\/canserrat.org\/ca\/wp-json\/wp\/v2\/media?parent=7748"}],"wp:term":[{"taxonomy":"category","embeddable":true,"href":"https:\/\/canserrat.org\/ca\/wp-json\/wp\/v2\/categories?post=7748"},{"taxonomy":"post_tag","embeddable":true,"href":"https:\/\/canserrat.org\/ca\/wp-json\/wp\/v2\/tags?post=7748"}],"curies":[{"name":"wp","href":"https:\/\/api.w.org\/{rel}","templated":true}]}}