{"id":7659,"date":"2023-06-08T13:55:23","date_gmt":"2023-06-08T13:55:23","guid":{"rendered":"http:\/\/canserrat.org\/?p=7659"},"modified":"2023-06-08T14:06:36","modified_gmt":"2023-06-08T14:06:36","slug":"call-result__summer-fall-2023-residency__writers","status":"publish","type":"post","link":"https:\/\/canserrat.org\/ca\/call-result__summer-fall-2023-residency__writers","title":{"rendered":"RESULTAT CONVOCATORIA__Hivern-Primavera 2024__Escriptura"},"content":{"rendered":"<div class=\"tlid-input input\">\n<div class=\"source-wrap\">\n<div class=\"input-full-height-wrapper tlid-input-full-height-wrapper\">\n<div class=\"source-input\">\n<div class=\"source-footer-wrap source-or-target-footer\">\n<div class=\"character-count tlid-character-count\">\n<div class=\"tlid-input input\">\n<div class=\"source-wrap\">\n<div class=\"input-full-height-wrapper tlid-input-full-height-wrapper\">\n<div class=\"source-input\">\n<div class=\"source-footer-wrap source-or-target-footer\">\n<div class=\"character-count tlid-character-count\">\n<p>&nbsp;<\/p>\n<p>En el marc d\u2019aquest jurat, es van rebre moltes sol\u00b7licituds d\u2019escriptors de tot el m\u00f3n i un gran nombre d\u2019elles eren d\u2019una qualitat impressionant. El jurat ha gaudit molt de tots els projectes presentats i, una vegada m\u00e9s, ha estat un repte fer la selecci\u00f3. Despr\u00e9s de passar hores debatent, han estat seleccionades 26 propostes per a integrar el programa de resid\u00e8ncia (1 invitaci\u00f3 completa i 25 invitacions parcials). El jurat va tenir molta cura de convidar a projectes que fossin espec\u00edficament rellevants pel context de Can Serrat.<\/p>\n<\/div>\n<\/div>\n<\/div>\n<\/div>\n<\/div>\n<\/div>\n<div><\/div>\n<\/div>\n<\/div>\n<\/div>\n<\/div>\n<\/div>\n<\/div>\n<div>\n<p><strong>Jurat:<\/strong><\/p>\n<p>Paula Vazquez, escriptora i cofundadora de la <a href=\"https:\/\/latapeinada.com\/\" target=\"_blank\" rel=\"noopener\">Lata Peinada<\/a><\/p>\n<p><a href=\"http:\/\/canserrat.org\/es\/fatma-belkis-isik\" target=\"_blank\" rel=\"noopener\">Fatma Belk\u0131s<\/a> _artista interdisciplinaria i resident a Can Serrat durant el 2022<span class=\"s1\">.<\/span><\/p>\n<p class=\"p1\"><span class=\"s1\">Sophie Blais_Directora de Can Serrat (veu sense vot).<\/span><\/p>\n<p class=\"p1\"><span class=\"s1\">Sarah Goodchild Robb_Coordinadora de residents i responsable de la comunicaci\u00f3 (veu sense vot).<\/span><\/p>\n<\/div>\n<p>&nbsp;<\/p>\n<div>\n<p><strong>INVITACI\u00d3 COMPLETA &#8212;<\/strong><\/p>\n<p style=\"padding-left: 120px;\"><span style=\"color: #00ff00;\"><strong>Flor Dacal<\/strong><\/span><\/p>\n<p>&nbsp;<\/p>\n<p><strong>INVITACI\u00d3 PARCIAL &#8212;<\/strong><\/p>\n<div>\n<p style=\"padding-left: 120px;\"><strong><span style=\"color: #00ff00;\">Eduardo Cruces<\/span><\/strong><\/p>\n<p style=\"padding-left: 120px;\"><strong><span style=\"color: #00ff00;\">Benni Ciappini<\/span><\/strong><\/p>\n<p style=\"padding-left: 120px;\"><strong><span style=\"color: #00ff00;\">Irene Zabytko<\/span><\/strong><\/p>\n<p style=\"padding-left: 120px;\"><strong><span style=\"color: #00ff00;\">Enxhi Mandija<\/span><\/strong><\/p>\n<p style=\"padding-left: 120px;\"><strong><span style=\"color: #00ff00;\">Paula Pita<\/span><\/strong><\/p>\n<p style=\"padding-left: 120px;\"><strong><span style=\"color: #00ff00;\">Eliana Hern\u00e1ndez P<\/span><\/strong><\/p>\n<p style=\"padding-left: 120px;\"><strong><span style=\"color: #00ff00;\">Simon Azar<\/span><\/strong><\/p>\n<p style=\"padding-left: 120px;\"><strong><span style=\"color: #00ff00;\">Megan Coppock<\/span><\/strong><\/p>\n<p style=\"padding-left: 120px;\"><strong><span style=\"color: #00ff00;\">Chiara Ponsetti<\/span><\/strong><\/p>\n<p style=\"padding-left: 120px;\"><strong><span style=\"color: #00ff00;\">Mercedes Duque Espiau<\/span><\/strong><\/p>\n<p style=\"padding-left: 120px;\"><strong><span style=\"color: #00ff00;\">Mar\u00eda Paula Rodr\u00edguez Guti\u00e9rrez<\/span><\/strong><\/p>\n<p style=\"padding-left: 120px;\"><strong><span style=\"color: #00ff00;\">Andrea Juliana Enciso Mancilla<\/span><\/strong><\/p>\n<p style=\"padding-left: 120px;\"><strong><span style=\"color: #00ff00;\">Panda Wong<\/span><\/strong><\/p>\n<p style=\"padding-left: 120px;\"><strong><span style=\"color: #00ff00;\">Alev Ersan<\/span><\/strong><\/p>\n<p style=\"padding-left: 120px;\"><strong><span style=\"color: #00ff00;\">Mar\u00eda Ovelar\u00a0<\/span><\/strong><\/p>\n<p style=\"padding-left: 120px;\"><strong><span style=\"color: #00ff00;\">Margherita Ferrario<\/span><\/strong><\/p>\n<p style=\"padding-left: 120px;\"><strong><span style=\"color: #00ff00;\">Pilar Lucia Martinez<\/span><\/strong><\/p>\n<p style=\"padding-left: 120px;\"><strong><span style=\"color: #00ff00;\">Diego Preciado<\/span><\/strong><\/p>\n<p style=\"padding-left: 120px;\"><strong><span style=\"color: #00ff00;\">\u00c7\u0131nar Eslek<\/span><\/strong><\/p>\n<p style=\"padding-left: 120px;\"><strong><span style=\"color: #00ff00;\">Lara Gobec<\/span><\/strong><\/p>\n<p style=\"padding-left: 120px;\"><strong><span style=\"color: #00ff00;\">Cassandra Lewis<\/span><\/strong><\/p>\n<p style=\"padding-left: 120px;\"><strong><span style=\"color: #00ff00;\">Micaela Paredes<\/span><\/strong><\/p>\n<p style=\"padding-left: 120px;\"><strong><span style=\"color: #00ff00;\">Michael Mirolla<\/span><\/strong><\/p>\n<p style=\"padding-left: 120px;\"><strong><span style=\"color: #00ff00;\">Mar\u00eda Andrea Scoufalos<\/span><\/strong><\/p>\n<p style=\"padding-left: 120px;\"><strong><span style=\"color: #00ff00;\">Andrew Heath<\/span><\/strong><\/p>\n<p>&nbsp;<\/p>\n<\/div>\n<\/div>\n<p>* Sabem que \u00e9s molt dif\u00edcil generar espais de cura dins d\u2019una convocat\u00f2ria, per\u00f2 volem agrair de tot cor, a totes les persones que ens han fet arribar les seves propostes. Ha estat un plaer llegir-les, endinsar-se en les seves pr\u00e0ctiques i entrar en contacte amb elles.","protected":false},"excerpt":{"rendered":"<p>&nbsp; En el marc d\u2019aquest jurat, es van rebre moltes sol\u00b7licituds d\u2019escriptors de tot el m\u00f3n i un gran nombre d\u2019elles eren d\u2019una qualitat impressionant. El jurat ha gaudit molt de tots els projectes presentats i, una vegada m\u00e9s, ha &hellip; <a href=\"https:\/\/canserrat.org\/ca\/call-result__summer-fall-2023-residency__writers\">Continued<\/a><\/p>\n","protected":false},"author":4,"featured_media":7564,"comment_status":"closed","ping_status":"closed","sticky":false,"template":"","format":"standard","meta":{"_monsterinsights_skip_tracking":false,"_monsterinsights_sitenote_active":false,"_monsterinsights_sitenote_note":"","_monsterinsights_sitenote_category":0,"footnotes":""},"categories":[22,37],"tags":[],"_links":{"self":[{"href":"https:\/\/canserrat.org\/ca\/wp-json\/wp\/v2\/posts\/7659"}],"collection":[{"href":"https:\/\/canserrat.org\/ca\/wp-json\/wp\/v2\/posts"}],"about":[{"href":"https:\/\/canserrat.org\/ca\/wp-json\/wp\/v2\/types\/post"}],"author":[{"embeddable":true,"href":"https:\/\/canserrat.org\/ca\/wp-json\/wp\/v2\/users\/4"}],"replies":[{"embeddable":true,"href":"https:\/\/canserrat.org\/ca\/wp-json\/wp\/v2\/comments?post=7659"}],"version-history":[{"count":2,"href":"https:\/\/canserrat.org\/ca\/wp-json\/wp\/v2\/posts\/7659\/revisions"}],"predecessor-version":[{"id":7661,"href":"https:\/\/canserrat.org\/ca\/wp-json\/wp\/v2\/posts\/7659\/revisions\/7661"}],"wp:featuredmedia":[{"embeddable":true,"href":"https:\/\/canserrat.org\/ca\/wp-json\/wp\/v2\/media\/7564"}],"wp:attachment":[{"href":"https:\/\/canserrat.org\/ca\/wp-json\/wp\/v2\/media?parent=7659"}],"wp:term":[{"taxonomy":"category","embeddable":true,"href":"https:\/\/canserrat.org\/ca\/wp-json\/wp\/v2\/categories?post=7659"},{"taxonomy":"post_tag","embeddable":true,"href":"https:\/\/canserrat.org\/ca\/wp-json\/wp\/v2\/tags?post=7659"}],"curies":[{"name":"wp","href":"https:\/\/api.w.org\/{rel}","templated":true}]}}