{"id":7617,"date":"2023-05-12T11:20:09","date_gmt":"2023-05-12T11:20:09","guid":{"rendered":"http:\/\/canserrat.org\/?p=7617"},"modified":"2023-08-02T11:23:22","modified_gmt":"2023-08-02T11:23:22","slug":"yvette-bathgate","status":"publish","type":"post","link":"https:\/\/canserrat.org\/ca\/yvette-bathgate","title":{"rendered":"Yvette Bathgate"},"content":{"rendered":"<img decoding=\"async\" loading=\"lazy\" class=\"size-medium wp-image-7615 aligncenter\" src=\"http:\/\/canserrat.org\/wp-content\/uploads\/2023\/05\/PXL_20220511_150238362-Yvette-Bathgate-300x281.jpg\" alt=\"\" width=\"300\" height=\"281\" srcset=\"https:\/\/canserrat.org\/wp-content\/uploads\/2023\/05\/PXL_20220511_150238362-Yvette-Bathgate-300x281.jpg 300w, https:\/\/canserrat.org\/wp-content\/uploads\/2023\/05\/PXL_20220511_150238362-Yvette-Bathgate-1024x958.jpg 1024w, https:\/\/canserrat.org\/wp-content\/uploads\/2023\/05\/PXL_20220511_150238362-Yvette-Bathgate-1536x1436.jpg 1536w, https:\/\/canserrat.org\/wp-content\/uploads\/2023\/05\/PXL_20220511_150238362-Yvette-Bathgate-2048x1915.jpg 2048w, https:\/\/canserrat.org\/wp-content\/uploads\/2023\/05\/PXL_20220511_150238362-Yvette-Bathgate-856x800.jpg 856w, https:\/\/canserrat.org\/wp-content\/uploads\/2023\/05\/PXL_20220511_150238362-Yvette-Bathgate-428x400.jpg 428w\" sizes=\"(max-width: 300px) 100vw, 300px\" \/><\/p>\n<p>&nbsp;<\/p>\n<p>A\u00a0Yvette\u00a0li interessa la interconnexi\u00f3 de l&#8217;ecologia, la cura i les petjades i rel\u00edquies que l&#8217;envolten, i la seva pr\u00e0ctica es basa en la col\u00b7laboraci\u00f3. Dia a dia treballa amb diferents grups de persones en hospitals, escoles i grups comunitaris, utilitzant l&#8217;art com a eina de pr\u00e0ctica social per a crear vincles, relacions, benestar i resili\u00e8ncia. Aquest treball forma part de la seva pr\u00e0ctica, a m\u00e9s d&#8217;informar directament i sustentar contextualment les exploracions materials fora d&#8217;aquests entorns immediats.<\/p>\n<p>Yvette realitza la seva resid\u00e8ncia a Can Serrat durant els mesos de maig i juny de 2023.","protected":false},"excerpt":{"rendered":"<p>&nbsp; A\u00a0Yvette\u00a0li interessa la interconnexi\u00f3 de l&#8217;ecologia, la cura i les petjades i rel\u00edquies que l&#8217;envolten, i la seva pr\u00e0ctica es basa en la col\u00b7laboraci\u00f3. Dia a dia treballa amb diferents grups de persones en hospitals, escoles i grups comunitaris, &hellip; <a href=\"https:\/\/canserrat.org\/ca\/yvette-bathgate\">Continued<\/a><\/p>\n","protected":false},"author":4,"featured_media":7615,"comment_status":"closed","ping_status":"closed","sticky":false,"template":"","format":"standard","meta":{"_monsterinsights_skip_tracking":false,"_monsterinsights_sitenote_active":false,"_monsterinsights_sitenote_note":"","_monsterinsights_sitenote_category":0,"footnotes":""},"categories":[1,22,10,11],"tags":[],"_links":{"self":[{"href":"https:\/\/canserrat.org\/ca\/wp-json\/wp\/v2\/posts\/7617"}],"collection":[{"href":"https:\/\/canserrat.org\/ca\/wp-json\/wp\/v2\/posts"}],"about":[{"href":"https:\/\/canserrat.org\/ca\/wp-json\/wp\/v2\/types\/post"}],"author":[{"embeddable":true,"href":"https:\/\/canserrat.org\/ca\/wp-json\/wp\/v2\/users\/4"}],"replies":[{"embeddable":true,"href":"https:\/\/canserrat.org\/ca\/wp-json\/wp\/v2\/comments?post=7617"}],"version-history":[{"count":1,"href":"https:\/\/canserrat.org\/ca\/wp-json\/wp\/v2\/posts\/7617\/revisions"}],"predecessor-version":[{"id":7618,"href":"https:\/\/canserrat.org\/ca\/wp-json\/wp\/v2\/posts\/7617\/revisions\/7618"}],"wp:featuredmedia":[{"embeddable":true,"href":"https:\/\/canserrat.org\/ca\/wp-json\/wp\/v2\/media\/7615"}],"wp:attachment":[{"href":"https:\/\/canserrat.org\/ca\/wp-json\/wp\/v2\/media?parent=7617"}],"wp:term":[{"taxonomy":"category","embeddable":true,"href":"https:\/\/canserrat.org\/ca\/wp-json\/wp\/v2\/categories?post=7617"},{"taxonomy":"post_tag","embeddable":true,"href":"https:\/\/canserrat.org\/ca\/wp-json\/wp\/v2\/tags?post=7617"}],"curies":[{"name":"wp","href":"https:\/\/api.w.org\/{rel}","templated":true}]}}