{"id":7610,"date":"2023-05-11T13:40:30","date_gmt":"2023-05-11T13:40:30","guid":{"rendered":"http:\/\/canserrat.org\/?p=7610"},"modified":"2023-10-05T14:08:43","modified_gmt":"2023-10-05T14:08:43","slug":"emma-pinoteau","status":"publish","type":"post","link":"https:\/\/canserrat.org\/ca\/emma-pinoteau","title":{"rendered":"Em&#8217;ma Pinoteau"},"content":{"rendered":"<img decoding=\"async\" loading=\"lazy\" class=\"size-medium wp-image-7611 aligncenter\" src=\"http:\/\/canserrat.org\/wp-content\/uploads\/2023\/05\/romane-Emma-Pinoteau-300x285.jpg\" alt=\"\" width=\"300\" height=\"285\" srcset=\"https:\/\/canserrat.org\/wp-content\/uploads\/2023\/05\/romane-Emma-Pinoteau-300x285.jpg 300w, https:\/\/canserrat.org\/wp-content\/uploads\/2023\/05\/romane-Emma-Pinoteau.jpg 940w\" sizes=\"(max-width: 300px) 100vw, 300px\" \/><\/p>\n<p>&nbsp;<\/p>\n<p>Despr\u00e9s de finalitzar una llicenciatura en Arts Esc\u00e8niques, es va incorporar a l&#8217;Escola Europea d&#8217;Imatge de Poitiers (EESI) el 2017. El 2019, va fundar amb altres cinc estudiants de EESI, el col\u00b7lectiu d&#8217;artistes Brasier. Desenvolupa una pr\u00e0ctica de v\u00eddeo en directe (vjing), performances vocals i una reflexi\u00f3 sobre el tatuatge. Col\u00b7labora amb la Cie du Th\u00e9\u00e2tre per als projectes Balades Martiennes i Radiorama.<br \/>\nEs va unir al\u00a0Atelier\u00a0de\u00a0recherche\u00a0chor\u00e9-taller\u00a0de recerca gr\u00e0fica (ARC)\u00a0de la Universitat de\u00a0Poitiers\u00a0en 2020 i va participar en el desenvolupament d&#8217;espectacles:\u00a0Ronces\u00a0de Thomas\u00a0Ferrand, Els\u00a0sentinelles\u00a0de Thierry\u00a0Thieu\u00a0Niang,\u00a0Queimada\u00a0de\u00a0Volmir\u00a0Cordeiro.<br \/>\nAmb Axel\u00a0Amiaud, formen el duo\u00a0Guerri\u00e8res\u00a0i desenvolupen una creaci\u00f3 musical i performativa des de novembre de 2020.<br \/>\nAl juny de 2021 va acabar la seva tesi A\u00a0Fleur\u00a0de\u00a0peau, que q\u00fcestiona l&#8217;\u00fas del tatuatge contemporani, i ha estat desenvolupant una s\u00e8rie de\u00a0performances\u00a0que combinen creaci\u00f3 sonora, cant, lectura i\u00a0bloodline\u00a0(una t\u00e8cnica de tatuatge sense tinta).<br \/>\nAl juny de 2022 va obtenir el seu\u00a0DNSEP\u00a0amb la felicitaci\u00f3 del jurat.<br \/>\nVa participar en el projecte\u00a0New\u00a0Grand Tour (NGT), de l&#8217;Institut Franc\u00e8s a It\u00e0lia i va realitzar una resid\u00e8ncia en el projecte CROSS (Am\u00e8, It\u00e0lia) a l&#8217;octubre de 2022.<br \/>\nDes de setembre de 2022, \u00e9s resident en el Confort\u00a0Moderne\u00a0i prepara una exposici\u00f3 en duo amb Pierre Richard.<\/p>\n<p>Em&#8217;ma realitza la seva resid\u00e8ncia de maig a setembre de 2023, dins de la col\u00b7laboraci\u00f3 entre EESI i Can Serrat.","protected":false},"excerpt":{"rendered":"<p>&nbsp; Despr\u00e9s de finalitzar una llicenciatura en Arts Esc\u00e8niques, es va incorporar a l&#8217;Escola Europea d&#8217;Imatge de Poitiers (EESI) el 2017. El 2019, va fundar amb altres cinc estudiants de EESI, el col\u00b7lectiu d&#8217;artistes Brasier. Desenvolupa una pr\u00e0ctica de v\u00eddeo &hellip; <a href=\"https:\/\/canserrat.org\/ca\/emma-pinoteau\">Continued<\/a><\/p>\n","protected":false},"author":4,"featured_media":7611,"comment_status":"closed","ping_status":"closed","sticky":false,"template":"","format":"standard","meta":{"_monsterinsights_skip_tracking":false,"_monsterinsights_sitenote_active":false,"_monsterinsights_sitenote_note":"","_monsterinsights_sitenote_category":0,"footnotes":""},"categories":[1,22,10,11],"tags":[],"_links":{"self":[{"href":"https:\/\/canserrat.org\/ca\/wp-json\/wp\/v2\/posts\/7610"}],"collection":[{"href":"https:\/\/canserrat.org\/ca\/wp-json\/wp\/v2\/posts"}],"about":[{"href":"https:\/\/canserrat.org\/ca\/wp-json\/wp\/v2\/types\/post"}],"author":[{"embeddable":true,"href":"https:\/\/canserrat.org\/ca\/wp-json\/wp\/v2\/users\/4"}],"replies":[{"embeddable":true,"href":"https:\/\/canserrat.org\/ca\/wp-json\/wp\/v2\/comments?post=7610"}],"version-history":[{"count":2,"href":"https:\/\/canserrat.org\/ca\/wp-json\/wp\/v2\/posts\/7610\/revisions"}],"predecessor-version":[{"id":7701,"href":"https:\/\/canserrat.org\/ca\/wp-json\/wp\/v2\/posts\/7610\/revisions\/7701"}],"wp:featuredmedia":[{"embeddable":true,"href":"https:\/\/canserrat.org\/ca\/wp-json\/wp\/v2\/media\/7611"}],"wp:attachment":[{"href":"https:\/\/canserrat.org\/ca\/wp-json\/wp\/v2\/media?parent=7610"}],"wp:term":[{"taxonomy":"category","embeddable":true,"href":"https:\/\/canserrat.org\/ca\/wp-json\/wp\/v2\/categories?post=7610"},{"taxonomy":"post_tag","embeddable":true,"href":"https:\/\/canserrat.org\/ca\/wp-json\/wp\/v2\/tags?post=7610"}],"curies":[{"name":"wp","href":"https:\/\/api.w.org\/{rel}","templated":true}]}}