{"id":7328,"date":"2023-01-09T15:30:29","date_gmt":"2023-01-09T15:30:29","guid":{"rendered":"http:\/\/canserrat.org\/?p=7328"},"modified":"2023-06-13T12:08:17","modified_gmt":"2023-06-13T12:08:17","slug":"luna-schapira","status":"publish","type":"post","link":"https:\/\/canserrat.org\/ca\/luna-schapira","title":{"rendered":"Luna Schapira"},"content":{"rendered":"<img decoding=\"async\" loading=\"lazy\" class=\"size-medium wp-image-7329 aligncenter\" src=\"http:\/\/canserrat.org\/wp-content\/uploads\/2023\/01\/LunaSchapira-Luna-Schapira-300x222.jpg\" alt=\"\" width=\"300\" height=\"222\" srcset=\"https:\/\/canserrat.org\/wp-content\/uploads\/2023\/01\/LunaSchapira-Luna-Schapira-300x222.jpg 300w, https:\/\/canserrat.org\/wp-content\/uploads\/2023\/01\/LunaSchapira-Luna-Schapira-1024x756.jpg 1024w, https:\/\/canserrat.org\/wp-content\/uploads\/2023\/01\/LunaSchapira-Luna-Schapira-1536x1134.jpg 1536w, https:\/\/canserrat.org\/wp-content\/uploads\/2023\/01\/LunaSchapira-Luna-Schapira-2048x1512.jpg 2048w\" sizes=\"(max-width: 300px) 100vw, 300px\" \/><\/p>\n<p>&nbsp;<\/p>\n<p>Lluna Schapira va n\u00e9ixer i viu a la Ciutat Aut\u00f2noma de Buenos Aires. T\u00e9 26 anys; escriu, actua, \u00e9s artista visual i DJ. Es va formar en escriptura amb Ana Katz, Romina Paula, Carolina Cobelo, Iosi Havilio, Pablo Katchadjian, entre altres; actualment \u00e9s estudiant de la carrera Llicenciatura en Arts de l&#8217;Escriptura a la Universitat Nacional de les Arts. Li interessa entrenar diverses modalitats textuals i investigar els seus encreuaments com tamb\u00e9 la relaci\u00f3 entre la literatura i altres disciplines art\u00edstiques. Ha llegit les seves mostres narratives en espais de cultura; va escriure i va dirigir: \u201cFalsa Febre\u201d (obra de teatre guanyadora del subsidi 2019 del Fons Nacional de les Arts), \u201cFlipper\u201d seleccionada en microteatre (desembre 2019). Va treballar com a actriu en diversos espectacles com a \u201cParaules per a conills\u201d d&#8217;Amalia Tercel\u00e1n, \u201cLes viatjants\u201d de Ezequiel Tronconi, \u201cAssumptes que cremen\u201d de Jimena P\u00e9rez Salern; va coprotagonitzar \u201cEl l\u00edder\u201d s\u00e8rie de UN3tv, va participar en el llargmetratge \u201cLa protagonista\u201d de Clara Picasso, entre altres projectes audiovisuals. Va treballar amb Claudio Hochman en la realitzaci\u00f3 de peces visuals a partir dels seus textos; va il\u00b7lustrar el llibre de Laura Rozenberg \u201cL&#8217;\u00e0ngel de l&#8217;origami\u201d; va fer classes de collage i va realitzar nombrosos cartells per a esdeveniments i obres de teatre. Actualment fa classes d&#8217;actuaci\u00f3 i es troba corregint la seva primera novel\u00b7la.<\/p>\n<p>Luna fa la seva resid\u00e8ncia a Can Serrat durant el mes de Gener de 2023<\/p>\n<p>&nbsp;<\/p>\n<h4><span style=\"color: #33cccc;\">Sobre el seu proc\u00e9s de treball a la resid\u00e8ncia &gt;&gt;&gt;<\/span><\/h4>\n<iframe src=\"\/\/docs.google.com\/viewer?url=http%3A%2F%2Fcanserrat.org%2Fwp-content%2Fuploads%2F2023%2F01%2FSchapira_Luna_-CHECKPOINT_2023-Luna-Schapira.pdf&hl=es&embedded=true\" class=\"gde-frame\" style=\"width:100%; height:500px; border: none;\" scrolling=\"no\"><\/iframe>\n<p class=\"gde-text\"><a href=\"http:\/\/canserrat.org\/wp-content\/uploads\/2023\/01\/Schapira_Luna_-CHECKPOINT_2023-Luna-Schapira.pdf\" class=\"gde-link\">Descargar (PDF, 226KB)<\/a><\/p>","protected":false},"excerpt":{"rendered":"<p>&nbsp; Lluna Schapira va n\u00e9ixer i viu a la Ciutat Aut\u00f2noma de Buenos Aires. T\u00e9 26 anys; escriu, actua, \u00e9s artista visual i DJ. Es va formar en escriptura amb Ana Katz, Romina Paula, Carolina Cobelo, Iosi Havilio, Pablo Katchadjian, &hellip; <a href=\"https:\/\/canserrat.org\/ca\/luna-schapira\">Continued<\/a><\/p>\n","protected":false},"author":4,"featured_media":7330,"comment_status":"closed","ping_status":"closed","sticky":false,"template":"","format":"standard","meta":{"_monsterinsights_skip_tracking":false,"_monsterinsights_sitenote_active":false,"_monsterinsights_sitenote_note":"","_monsterinsights_sitenote_category":0,"footnotes":""},"categories":[22,10,11],"tags":[],"_links":{"self":[{"href":"https:\/\/canserrat.org\/ca\/wp-json\/wp\/v2\/posts\/7328"}],"collection":[{"href":"https:\/\/canserrat.org\/ca\/wp-json\/wp\/v2\/posts"}],"about":[{"href":"https:\/\/canserrat.org\/ca\/wp-json\/wp\/v2\/types\/post"}],"author":[{"embeddable":true,"href":"https:\/\/canserrat.org\/ca\/wp-json\/wp\/v2\/users\/4"}],"replies":[{"embeddable":true,"href":"https:\/\/canserrat.org\/ca\/wp-json\/wp\/v2\/comments?post=7328"}],"version-history":[{"count":2,"href":"https:\/\/canserrat.org\/ca\/wp-json\/wp\/v2\/posts\/7328\/revisions"}],"predecessor-version":[{"id":7674,"href":"https:\/\/canserrat.org\/ca\/wp-json\/wp\/v2\/posts\/7328\/revisions\/7674"}],"wp:featuredmedia":[{"embeddable":true,"href":"https:\/\/canserrat.org\/ca\/wp-json\/wp\/v2\/media\/7330"}],"wp:attachment":[{"href":"https:\/\/canserrat.org\/ca\/wp-json\/wp\/v2\/media?parent=7328"}],"wp:term":[{"taxonomy":"category","embeddable":true,"href":"https:\/\/canserrat.org\/ca\/wp-json\/wp\/v2\/categories?post=7328"},{"taxonomy":"post_tag","embeddable":true,"href":"https:\/\/canserrat.org\/ca\/wp-json\/wp\/v2\/tags?post=7328"}],"curies":[{"name":"wp","href":"https:\/\/api.w.org\/{rel}","templated":true}]}}