{"id":7322,"date":"2023-01-09T15:20:48","date_gmt":"2023-01-09T15:20:48","guid":{"rendered":"http:\/\/canserrat.org\/?p=7322"},"modified":"2023-06-13T12:00:58","modified_gmt":"2023-06-13T12:00:58","slug":"raquel-paez-guzman","status":"publish","type":"post","link":"https:\/\/canserrat.org\/ca\/raquel-paez-guzman","title":{"rendered":"Raquel P\u00e1ez Guzm\u00e1n"},"content":{"rendered":"<img decoding=\"async\" loading=\"lazy\" class=\"size-medium wp-image-7323 aligncenter\" src=\"http:\/\/canserrat.org\/wp-content\/uploads\/2023\/01\/IMG_20220414_124103_2-Raquel-Paez-Guzman-223x300.jpg\" alt=\"\" width=\"223\" height=\"300\" srcset=\"https:\/\/canserrat.org\/wp-content\/uploads\/2023\/01\/IMG_20220414_124103_2-Raquel-Paez-Guzman-223x300.jpg 223w, https:\/\/canserrat.org\/wp-content\/uploads\/2023\/01\/IMG_20220414_124103_2-Raquel-Paez-Guzman-760x1024.jpg 760w, https:\/\/canserrat.org\/wp-content\/uploads\/2023\/01\/IMG_20220414_124103_2-Raquel-Paez-Guzman-1140x1536.jpg 1140w, https:\/\/canserrat.org\/wp-content\/uploads\/2023\/01\/IMG_20220414_124103_2-Raquel-Paez-Guzman-1520x2048.jpg 1520w, https:\/\/canserrat.org\/wp-content\/uploads\/2023\/01\/IMG_20220414_124103_2-Raquel-Paez-Guzman-scaled.jpg 1901w\" sizes=\"(max-width: 223px) 100vw, 223px\" \/><\/p>\n<p>&nbsp;<\/p>\n<p>Raquel P\u00e1ez Guzm\u00e1n (1998) Bogot\u00e0, Col\u00f2mbia, \u00e9s Artista Visual de la Pontif\u00edcia Universitat Javeriana de Bogot\u00e0 amb \u00e8mfasi audiovisual i gr\u00e0fic. Es mou principalment en el camp de la producci\u00f3 editorial i el dibuix, aix\u00ed com el videoassaig i l&#8217;animaci\u00f3. Ha participat amb diverses peces en subhastes i en diferents exposicions col\u00b7lectives, a m\u00e9s, m\u00faltiples de les seves peces fan part de revistes, fanzines i llibres. De manera individual, i des del col\u00b7lectiu de <em>Las que cruzan<\/em>, ha realitzat cartells amb component cr\u00edtic social que han circulat en diferents protestes a Col\u00f2mbia. Fa part tamb\u00e9 del col\u00b7lectiu de pr\u00e0ctiques documentals INDEX amb el qual ha organitzat i realitzat tallers de videoassaig a Bogot\u00e0, a Cali, i des de la virtualitat. El seu treball audiovisual individual ha circulat en diferents festivals a nivell nacional i internacional.<\/p>\n<p>Troba inter\u00e8s en la quotidianitat i en la producci\u00f3 i reproducci\u00f3 d&#8217;imatges, des de l&#8217;exploraci\u00f3 i la curiositat. Aborda el moviment, la naturalesa, la visi\u00f3, el fantasma i el llenguatge, entre altres cerques. Treballa movent-se entre mitjans i explorant els seus espectres segons el que vol expressar. La manifestaci\u00f3 gestual ha cobrat import\u00e0ncia en les seves exploracions, deixan empremta i pensant aquell rastre constant en el fer. Aquestes manifestacions es condensen en imatges est\u00e0tiques o en moviment, algunes com a registre i altres com a exploracions. Pensa la repetici\u00f3 i la c\u00f2pia i acudeix al joc en molts casos.<\/p>\n<p>Raquel fa la seva resid\u00e8ncia a Can Serrat durant el mes de Gener de 2023.<\/p>\n<p>&nbsp;<\/p>\n<h4><span style=\"color: #33cccc;\">Sobre el seu proc\u00e9s de treball a la resid\u00e8ncia &gt;&gt;&gt;<\/span><\/h4>\n<iframe src=\"\/\/docs.google.com\/viewer?url=http%3A%2F%2Fcanserrat.org%2Fwp-content%2Fuploads%2F2023%2F01%2FPAEZ-GUZMAN_RAQUEL_CHECKPOINT_2023-Raquel-Paez-Guzman.pdf&hl=es&embedded=true\" class=\"gde-frame\" style=\"width:100%; height:500px; border: none;\" scrolling=\"no\"><\/iframe>\n<p class=\"gde-text\"><a href=\"http:\/\/canserrat.org\/wp-content\/uploads\/2023\/01\/PAEZ-GUZMAN_RAQUEL_CHECKPOINT_2023-Raquel-Paez-Guzman.pdf\" class=\"gde-link\">Descargar (PDF, 613KB)<\/a><\/p>","protected":false},"excerpt":{"rendered":"<p>&nbsp; Raquel P\u00e1ez Guzm\u00e1n (1998) Bogot\u00e0, Col\u00f2mbia, \u00e9s Artista Visual de la Pontif\u00edcia Universitat Javeriana de Bogot\u00e0 amb \u00e8mfasi audiovisual i gr\u00e0fic. Es mou principalment en el camp de la producci\u00f3 editorial i el dibuix, aix\u00ed com el videoassaig i &hellip; <a href=\"https:\/\/canserrat.org\/ca\/raquel-paez-guzman\">Continued<\/a><\/p>\n","protected":false},"author":4,"featured_media":7324,"comment_status":"closed","ping_status":"closed","sticky":false,"template":"","format":"standard","meta":{"_monsterinsights_skip_tracking":false,"_monsterinsights_sitenote_active":false,"_monsterinsights_sitenote_note":"","_monsterinsights_sitenote_category":0,"footnotes":""},"categories":[22,10,11],"tags":[],"_links":{"self":[{"href":"https:\/\/canserrat.org\/ca\/wp-json\/wp\/v2\/posts\/7322"}],"collection":[{"href":"https:\/\/canserrat.org\/ca\/wp-json\/wp\/v2\/posts"}],"about":[{"href":"https:\/\/canserrat.org\/ca\/wp-json\/wp\/v2\/types\/post"}],"author":[{"embeddable":true,"href":"https:\/\/canserrat.org\/ca\/wp-json\/wp\/v2\/users\/4"}],"replies":[{"embeddable":true,"href":"https:\/\/canserrat.org\/ca\/wp-json\/wp\/v2\/comments?post=7322"}],"version-history":[{"count":4,"href":"https:\/\/canserrat.org\/ca\/wp-json\/wp\/v2\/posts\/7322\/revisions"}],"predecessor-version":[{"id":7668,"href":"https:\/\/canserrat.org\/ca\/wp-json\/wp\/v2\/posts\/7322\/revisions\/7668"}],"wp:featuredmedia":[{"embeddable":true,"href":"https:\/\/canserrat.org\/ca\/wp-json\/wp\/v2\/media\/7324"}],"wp:attachment":[{"href":"https:\/\/canserrat.org\/ca\/wp-json\/wp\/v2\/media?parent=7322"}],"wp:term":[{"taxonomy":"category","embeddable":true,"href":"https:\/\/canserrat.org\/ca\/wp-json\/wp\/v2\/categories?post=7322"},{"taxonomy":"post_tag","embeddable":true,"href":"https:\/\/canserrat.org\/ca\/wp-json\/wp\/v2\/tags?post=7322"}],"curies":[{"name":"wp","href":"https:\/\/api.w.org\/{rel}","templated":true}]}}