{"id":7096,"date":"2022-08-03T10:28:19","date_gmt":"2022-08-03T10:28:19","guid":{"rendered":"http:\/\/canserrat.org\/?p=7096"},"modified":"2022-10-05T10:53:14","modified_gmt":"2022-10-05T10:53:14","slug":"mariana-orantes","status":"publish","type":"post","link":"https:\/\/canserrat.org\/ca\/mariana-orantes","title":{"rendered":"Mariana Orantes"},"content":{"rendered":"<span data-sheets-value=\"{&quot;1&quot;:2,&quot;2&quot;:&quot;Soy escritora de narrativa, poes\u00eda y ensayo, adem\u00e1s de moverme en otras disciplinas, como el arte visual. Nac\u00ed en la Ciudad de M\u00e9xico en 1986. En mi producci\u00f3n art\u00edstica he trabajado diversos temas, sin embargo, hay puntos que confluyen: la forma en que integramos nuestro ser a partir de s\u00edmbolos, arquetipos y la magia. A veces busco c\u00f3mo entenderme desde los trozos de lenguaje de mis ancestros (n\u00e1huatl) y a trav\u00e9s de los conceptos que he aprendido al leer y conocer otras posturas, ideas, pensamientos y filosof\u00edas que me apasionan. Me interesan los mitos prehisp\u00e1nicos mexicanos tanto como los mitos griegos, la artes adivinatorias, los arquetipos, el naturalismo espiritual, la m\u00edstica, la ra\u00edz de los cuentos de hadas, as\u00ed como los s\u00edmbolos y sus interpretaciones. La pl\u00e1tica amena, el debate intenso, las caminatas reflexivas, el silencio y la m\u00fasica son parte fundamental de mi proceso creativo. Escribo para entenderme y para entender el mundo, y por eso la mayor\u00eda de mis exploraciones son a trav\u00e9s del ensayo literario. Pero, a veces, tambi\u00e9n busco otras salidas y entonces me da por crear piezas de arte o quiz\u00e1s poes\u00eda o colaboraciones con otros artistas. Es una necesidad del esp\u00edritu para comunicar, entender y dialogar con los dem\u00e1s. &quot;}\" data-sheets-userformat=\"{&quot;2&quot;:12476,&quot;5&quot;:{&quot;1&quot;:[{&quot;1&quot;:2,&quot;2&quot;:0,&quot;5&quot;:{&quot;1&quot;:2,&quot;2&quot;:0}},{&quot;1&quot;:0,&quot;2&quot;:0,&quot;3&quot;:3},{&quot;1&quot;:1,&quot;2&quot;:0,&quot;4&quot;:1}]},&quot;6&quot;:{&quot;1&quot;:[{&quot;1&quot;:2,&quot;2&quot;:0,&quot;5&quot;:{&quot;1&quot;:2,&quot;2&quot;:0}},{&quot;1&quot;:0,&quot;2&quot;:0,&quot;3&quot;:3},{&quot;1&quot;:1,&quot;2&quot;:0,&quot;4&quot;:1}]},&quot;7&quot;:{&quot;1&quot;:[{&quot;1&quot;:2,&quot;2&quot;:0,&quot;5&quot;:{&quot;1&quot;:2,&quot;2&quot;:0}},{&quot;1&quot;:0,&quot;2&quot;:0,&quot;3&quot;:3},{&quot;1&quot;:1,&quot;2&quot;:0,&quot;4&quot;:1}]},&quot;8&quot;:{&quot;1&quot;:[{&quot;1&quot;:2,&quot;2&quot;:0,&quot;5&quot;:{&quot;1&quot;:2,&quot;2&quot;:0}},{&quot;1&quot;:0,&quot;2&quot;:0,&quot;3&quot;:3},{&quot;1&quot;:1,&quot;2&quot;:0,&quot;4&quot;:1}]},&quot;10&quot;:2,&quot;15&quot;:&quot;Times New Roman&quot;,&quot;16&quot;:11}\"><img decoding=\"async\" loading=\"lazy\" class=\"size-medium wp-image-7097 aligncenter\" src=\"http:\/\/canserrat.org\/wp-content\/uploads\/2022\/08\/WhatsApp-Image-2019-04-13-at-13.07.12-3-Mariana-O.-200x300.jpeg\" alt=\"\" width=\"200\" height=\"300\" srcset=\"https:\/\/canserrat.org\/wp-content\/uploads\/2022\/08\/WhatsApp-Image-2019-04-13-at-13.07.12-3-Mariana-O.-200x300.jpeg 200w, https:\/\/canserrat.org\/wp-content\/uploads\/2022\/08\/WhatsApp-Image-2019-04-13-at-13.07.12-3-Mariana-O.-682x1024.jpeg 682w, https:\/\/canserrat.org\/wp-content\/uploads\/2022\/08\/WhatsApp-Image-2019-04-13-at-13.07.12-3-Mariana-O.-534x800.jpeg 534w, https:\/\/canserrat.org\/wp-content\/uploads\/2022\/08\/WhatsApp-Image-2019-04-13-at-13.07.12-3-Mariana-O.-267x400.jpeg 267w, https:\/\/canserrat.org\/wp-content\/uploads\/2022\/08\/WhatsApp-Image-2019-04-13-at-13.07.12-3-Mariana-O..jpeg 853w\" sizes=\"(max-width: 200px) 100vw, 200px\" \/><\/span><\/p>\n<p>&nbsp;<\/p>\n<p>Soc escriptora de narrativa, poesia i assaig, a m\u00e9s de moure&#8217;m en altres disciplines, com l&#8217;art visual. Vaig n\u00e9ixer a la Ciutat de M\u00e8xic el 1986. En la meva producci\u00f3 art\u00edstica he treballat diversos temes, no obstant aix\u00f2, hi ha punts que conflueixen: la forma en qu\u00e8 integrem el nostre \u00e9sser a partir de s\u00edmbols, arquetips i la m\u00e0gia. A vegades busco com entendre&#8217;m des dels trossos de llenguatge dels meus ancestres (n\u00e1huatl) i a trav\u00e9s dels conceptes que he apr\u00e8s al llegir i con\u00e8ixer altres postures, idees, pensaments i filosofies que m&#8217;apassionen. M&#8217;interessen els mites prehisp\u00e0nics mexicans tant com els mites grecs, l&#8217;arts adivinatorias, els arquetips, el naturalisme espiritual, la m\u00edstica, l&#8217;arrel dels contes de fades, aix\u00ed com els s\u00edmbols i les seves interpretacions. La pr\u00e8dica amena, el debat intens, les caminades reflexives, el silenci i la m\u00fasica s\u00f3n part fonamental del meu proc\u00e9s creatiu. Escric per a entendre&#8217;m i per a entendre el m\u00f3n, i per aix\u00f2 la majoria de les meves exploracions s\u00f3n a trav\u00e9s de l&#8217;assaig literari. Per\u00f2, a vegades, tamb\u00e9 busco altres sortides i llavors em dona per crear peces d&#8217;art o potser poesia o col\u00b7laboracions amb altres artistes. \u00c9s una necessitat de l&#8217;esperit per a comunicar, entendre i dialogar amb els altres.<\/p>\n<p>Mariana far\u00e0 la seva resid\u00e8ncia a Can Serrat durant el mes d&#8217;Agost de 2022","protected":false},"excerpt":{"rendered":"<p>&nbsp; Soc escriptora de narrativa, poesia i assaig, a m\u00e9s de moure&#8217;m en altres disciplines, com l&#8217;art visual. Vaig n\u00e9ixer a la Ciutat de M\u00e8xic el 1986. En la meva producci\u00f3 art\u00edstica he treballat diversos temes, no obstant aix\u00f2, hi &hellip; <a href=\"https:\/\/canserrat.org\/ca\/mariana-orantes\">Continued<\/a><\/p>\n","protected":false},"author":4,"featured_media":7097,"comment_status":"closed","ping_status":"closed","sticky":false,"template":"","format":"standard","meta":{"_monsterinsights_skip_tracking":false,"_monsterinsights_sitenote_active":false,"_monsterinsights_sitenote_note":"","_monsterinsights_sitenote_category":0,"footnotes":""},"categories":[1,22,10,11],"tags":[],"_links":{"self":[{"href":"https:\/\/canserrat.org\/ca\/wp-json\/wp\/v2\/posts\/7096"}],"collection":[{"href":"https:\/\/canserrat.org\/ca\/wp-json\/wp\/v2\/posts"}],"about":[{"href":"https:\/\/canserrat.org\/ca\/wp-json\/wp\/v2\/types\/post"}],"author":[{"embeddable":true,"href":"https:\/\/canserrat.org\/ca\/wp-json\/wp\/v2\/users\/4"}],"replies":[{"embeddable":true,"href":"https:\/\/canserrat.org\/ca\/wp-json\/wp\/v2\/comments?post=7096"}],"version-history":[{"count":1,"href":"https:\/\/canserrat.org\/ca\/wp-json\/wp\/v2\/posts\/7096\/revisions"}],"predecessor-version":[{"id":7098,"href":"https:\/\/canserrat.org\/ca\/wp-json\/wp\/v2\/posts\/7096\/revisions\/7098"}],"wp:featuredmedia":[{"embeddable":true,"href":"https:\/\/canserrat.org\/ca\/wp-json\/wp\/v2\/media\/7097"}],"wp:attachment":[{"href":"https:\/\/canserrat.org\/ca\/wp-json\/wp\/v2\/media?parent=7096"}],"wp:term":[{"taxonomy":"category","embeddable":true,"href":"https:\/\/canserrat.org\/ca\/wp-json\/wp\/v2\/categories?post=7096"},{"taxonomy":"post_tag","embeddable":true,"href":"https:\/\/canserrat.org\/ca\/wp-json\/wp\/v2\/tags?post=7096"}],"curies":[{"name":"wp","href":"https:\/\/api.w.org\/{rel}","templated":true}]}}