{"id":7001,"date":"2022-06-09T13:51:17","date_gmt":"2022-06-09T13:51:17","guid":{"rendered":"http:\/\/canserrat.org\/?p=7001"},"modified":"2022-11-08T11:56:40","modified_gmt":"2022-11-08T11:56:40","slug":"jackeline-roja","status":"publish","type":"post","link":"https:\/\/canserrat.org\/ca\/jackeline-roja","title":{"rendered":"Jackeline Roja"},"content":{"rendered":"<img decoding=\"async\" loading=\"lazy\" class=\"size-medium wp-image-7002 aligncenter\" src=\"http:\/\/canserrat.org\/wp-content\/uploads\/2022\/06\/WhatsApp-Image-2021-06-15-at-20.39.38-1-Jackeline-Rojas-200x300.jpeg\" alt=\"\" width=\"200\" height=\"300\" srcset=\"https:\/\/canserrat.org\/wp-content\/uploads\/2022\/06\/WhatsApp-Image-2021-06-15-at-20.39.38-1-Jackeline-Rojas-200x300.jpeg 200w, https:\/\/canserrat.org\/wp-content\/uploads\/2022\/06\/WhatsApp-Image-2021-06-15-at-20.39.38-1-Jackeline-Rojas-683x1024.jpeg 683w, https:\/\/canserrat.org\/wp-content\/uploads\/2022\/06\/WhatsApp-Image-2021-06-15-at-20.39.38-1-Jackeline-Rojas-534x800.jpeg 534w, https:\/\/canserrat.org\/wp-content\/uploads\/2022\/06\/WhatsApp-Image-2021-06-15-at-20.39.38-1-Jackeline-Rojas-267x400.jpeg 267w, https:\/\/canserrat.org\/wp-content\/uploads\/2022\/06\/WhatsApp-Image-2021-06-15-at-20.39.38-1-Jackeline-Rojas.jpeg 720w\" sizes=\"(max-width: 200px) 100vw, 200px\" \/><\/p>\n<p>&nbsp;<\/p>\n<p>Jackeline Rojas A. (l&#8217;Havana, 1973). Cubana, dona, afrodescendent, illenca, llatinoamericana. Tot aix\u00f2 ha signat el seu cam\u00ed en la literatura i la seva manera particular de veure i entendre el m\u00f3n: tant el de la creaci\u00f3 com l&#8217;univers simb\u00f2lic i f\u00edsic. Des de la seva adolesc\u00e8ncia es va interessar en la literatura. Graduada de diferents lleng\u00fces: angl\u00e8s, franc\u00e8s, itali\u00e0 i portugu\u00e8s. Ha pres cursos de fotografia i \u00e9s Llicenciada en psicologia en la Universitat de l&#8217;Havana. Ha participat en diversos cursos de t\u00e8cniques narratives i po\u00e8tiques, entre els quals destaquen els impartits pel Centre de Creaci\u00f3 Liter\u00e0ria \u201cOnelio Jorge Cardoso\u201d i el Centre Hispanoameric\u00e0 de Cultura. Va ser membre del Curs-Taller per a la formaci\u00f3 d&#8217;escriptors dictat pel Grup Literari Lletra D\u2019Kambio, a la Casa de Cultura Mirta Aguirre. En l&#8217;actualitat, \u00e9s membre del Laboratori d&#8217;Escriptures \u201cCru\u00eflla\u201d, que dirigeix l&#8217;escriptora Elaine Vilar Matina. Ha col\u00b7laborat com a autora amb el projecte Troianes en Quarantena, que dirigeix la teatr\u00f3loga i escriptora Ambre Carralero. El seu miniconte Les tres Mar\u00edas va ser seleccionat com a part de l&#8217;edici\u00f3 aniversari de la revista liter\u00e0ria Edicions Alborismos (Vene\u00e7uela 2021) i una selecci\u00f3 de la seva poesia ha estat publicada en la revista Trinant #34, corresponent a novembre del 2021 i en la revista Marge de Llum.<br \/>\nEl seu conte infantil Her\u00e8ncia va ser Segon Premi del Concurs Internacional \u201cEl meu lloc en el m\u00f3n\u201d, organitzat per Black Barcelona, 2021. El seu poema La consagraci\u00f3 va ser publicat a la Revista Hereus del Kaos (Barcelona, 2021).<\/p>\n<p>Jackeline estar\u00e0 en resid\u00e8ncia a Can Serrat durant el mes de Juny de 2022.<\/p>\n<p>&nbsp;<\/p>\n<h4><span style=\"color: #33cccc;\">Sobre el seu proc\u00e9s de treball a la resid\u00e8ncia &gt;&gt;&gt;<\/span><\/h4>\n<iframe src=\"\/\/docs.google.com\/viewer?url=http%3A%2F%2Fcanserrat.org%2Fwp-content%2Fuploads%2F2022%2F06%2FRojas-A._Jackeline_Checkpoint_2022-1-Jackeline-Rojas.pdf&hl=es&embedded=true\" class=\"gde-frame\" style=\"width:100%; height:500px; border: none;\" scrolling=\"no\"><\/iframe>\n<p class=\"gde-text\"><a href=\"http:\/\/canserrat.org\/wp-content\/uploads\/2022\/06\/Rojas-A._Jackeline_Checkpoint_2022-1-Jackeline-Rojas.pdf\" class=\"gde-link\">Descargar (PDF, 113KB)<\/a><\/p>","protected":false},"excerpt":{"rendered":"<p>&nbsp; Jackeline Rojas A. (l&#8217;Havana, 1973). Cubana, dona, afrodescendent, illenca, llatinoamericana. Tot aix\u00f2 ha signat el seu cam\u00ed en la literatura i la seva manera particular de veure i entendre el m\u00f3n: tant el de la creaci\u00f3 com l&#8217;univers simb\u00f2lic &hellip; <a href=\"https:\/\/canserrat.org\/ca\/jackeline-roja\">Continued<\/a><\/p>\n","protected":false},"author":4,"featured_media":7002,"comment_status":"closed","ping_status":"closed","sticky":false,"template":"","format":"standard","meta":{"_monsterinsights_skip_tracking":false,"_monsterinsights_sitenote_active":false,"_monsterinsights_sitenote_note":"","_monsterinsights_sitenote_category":0,"footnotes":""},"categories":[22,10,11],"tags":[],"_links":{"self":[{"href":"https:\/\/canserrat.org\/ca\/wp-json\/wp\/v2\/posts\/7001"}],"collection":[{"href":"https:\/\/canserrat.org\/ca\/wp-json\/wp\/v2\/posts"}],"about":[{"href":"https:\/\/canserrat.org\/ca\/wp-json\/wp\/v2\/types\/post"}],"author":[{"embeddable":true,"href":"https:\/\/canserrat.org\/ca\/wp-json\/wp\/v2\/users\/4"}],"replies":[{"embeddable":true,"href":"https:\/\/canserrat.org\/ca\/wp-json\/wp\/v2\/comments?post=7001"}],"version-history":[{"count":2,"href":"https:\/\/canserrat.org\/ca\/wp-json\/wp\/v2\/posts\/7001\/revisions"}],"predecessor-version":[{"id":7230,"href":"https:\/\/canserrat.org\/ca\/wp-json\/wp\/v2\/posts\/7001\/revisions\/7230"}],"wp:featuredmedia":[{"embeddable":true,"href":"https:\/\/canserrat.org\/ca\/wp-json\/wp\/v2\/media\/7002"}],"wp:attachment":[{"href":"https:\/\/canserrat.org\/ca\/wp-json\/wp\/v2\/media?parent=7001"}],"wp:term":[{"taxonomy":"category","embeddable":true,"href":"https:\/\/canserrat.org\/ca\/wp-json\/wp\/v2\/categories?post=7001"},{"taxonomy":"post_tag","embeddable":true,"href":"https:\/\/canserrat.org\/ca\/wp-json\/wp\/v2\/tags?post=7001"}],"curies":[{"name":"wp","href":"https:\/\/api.w.org\/{rel}","templated":true}]}}