{"id":6982,"date":"2022-05-26T12:59:37","date_gmt":"2022-05-26T12:59:37","guid":{"rendered":"http:\/\/canserrat.org\/?p=6982"},"modified":"2022-07-25T13:13:55","modified_gmt":"2022-07-25T13:13:55","slug":"frederikke-jul-vedelsby","status":"publish","type":"post","link":"https:\/\/canserrat.org\/ca\/frederikke-jul-vedelsby","title":{"rendered":"Frederikke Jul Vedelsby"},"content":{"rendered":"<img decoding=\"async\" loading=\"lazy\" class=\"size-medium wp-image-7019 aligncenter\" src=\"http:\/\/canserrat.org\/wp-content\/uploads\/2022\/05\/Frederikke-Jul-Vedelsby_2021-300x169.jpg\" alt=\"\" width=\"300\" height=\"169\" srcset=\"https:\/\/canserrat.org\/wp-content\/uploads\/2022\/05\/Frederikke-Jul-Vedelsby_2021-300x169.jpg 300w, https:\/\/canserrat.org\/wp-content\/uploads\/2022\/05\/Frederikke-Jul-Vedelsby_2021-1024x575.jpg 1024w\" sizes=\"(max-width: 300px) 100vw, 300px\" \/><\/p>\n<p>&nbsp;<\/p>\n<p>Frederikke Jul Vedelsby resideix actualment a Lisboa, on est\u00e0 acabant els seus estudis en el Programa d&#8217;Estudis Independents de Maumaus. T\u00e9 un MFA de l&#8217;Acad\u00e8mia d&#8217;Art de Malm\u00f6 i treballa amb v\u00eddeo i dibuix. Al 2020 va rebre el Bror Hjorts Stipendium per a joves artistes del dibuix i el Edstrandska Stiftelsens stipendium. Est\u00e0 convidada com a artista en resid\u00e8ncia a l&#8217;escola LungA de Sey\u00f0isfj\u00f6r\u00f0ur, Isl\u00e0ndia, de gener a mar\u00e7 de 2022, on viur\u00e0, treballar\u00e0 i impartir\u00e0 un curs. En el seu treball, est\u00e0 en constant di\u00e0leg amb un grup de persones que ha trobat en diferents llocs, que no es coneixen entre si i amb les quals est\u00e0 filmant. Aquests di\u00e0legs, trobades som\u00e0tiques i verbals, li proporcionen el coneixement que treballa dins dels dibuixos. Els dibuixos no s\u00f3n ni abstractes ni figuratius, i estan fets en un estat r\u00edtmic intens, amb llapis de colors que l&#8217;artista fabrica ella mateixa amb cera d&#8217;abella, i pigments fets amb vinya carbonitzada.<\/p>\n<p>Frederikke estar\u00e0 en resid\u00e8ncia en Ca Serrat durant juny de 2022","protected":false},"excerpt":{"rendered":"<p>&nbsp; Frederikke Jul Vedelsby resideix actualment a Lisboa, on est\u00e0 acabant els seus estudis en el Programa d&#8217;Estudis Independents de Maumaus. T\u00e9 un MFA de l&#8217;Acad\u00e8mia d&#8217;Art de Malm\u00f6 i treballa amb v\u00eddeo i dibuix. Al 2020 va rebre el &hellip; <a href=\"https:\/\/canserrat.org\/ca\/frederikke-jul-vedelsby\">Continued<\/a><\/p>\n","protected":false},"author":4,"featured_media":7019,"comment_status":"closed","ping_status":"closed","sticky":false,"template":"","format":"standard","meta":{"_monsterinsights_skip_tracking":false,"_monsterinsights_sitenote_active":false,"_monsterinsights_sitenote_note":"","_monsterinsights_sitenote_category":0,"footnotes":""},"categories":[1,10,11],"tags":[],"_links":{"self":[{"href":"https:\/\/canserrat.org\/ca\/wp-json\/wp\/v2\/posts\/6982"}],"collection":[{"href":"https:\/\/canserrat.org\/ca\/wp-json\/wp\/v2\/posts"}],"about":[{"href":"https:\/\/canserrat.org\/ca\/wp-json\/wp\/v2\/types\/post"}],"author":[{"embeddable":true,"href":"https:\/\/canserrat.org\/ca\/wp-json\/wp\/v2\/users\/4"}],"replies":[{"embeddable":true,"href":"https:\/\/canserrat.org\/ca\/wp-json\/wp\/v2\/comments?post=6982"}],"version-history":[{"count":2,"href":"https:\/\/canserrat.org\/ca\/wp-json\/wp\/v2\/posts\/6982\/revisions"}],"predecessor-version":[{"id":7020,"href":"https:\/\/canserrat.org\/ca\/wp-json\/wp\/v2\/posts\/6982\/revisions\/7020"}],"wp:featuredmedia":[{"embeddable":true,"href":"https:\/\/canserrat.org\/ca\/wp-json\/wp\/v2\/media\/7019"}],"wp:attachment":[{"href":"https:\/\/canserrat.org\/ca\/wp-json\/wp\/v2\/media?parent=6982"}],"wp:term":[{"taxonomy":"category","embeddable":true,"href":"https:\/\/canserrat.org\/ca\/wp-json\/wp\/v2\/categories?post=6982"},{"taxonomy":"post_tag","embeddable":true,"href":"https:\/\/canserrat.org\/ca\/wp-json\/wp\/v2\/tags?post=6982"}],"curies":[{"name":"wp","href":"https:\/\/api.w.org\/{rel}","templated":true}]}}