{"id":6973,"date":"2022-05-26T12:01:25","date_gmt":"2022-05-26T12:01:25","guid":{"rendered":"http:\/\/canserrat.org\/?p=6973"},"modified":"2022-08-03T10:19:43","modified_gmt":"2022-08-03T10:19:43","slug":"maria-karla-perez","status":"publish","type":"post","link":"https:\/\/canserrat.org\/ca\/maria-karla-perez","title":{"rendered":"Maria Karla Perez"},"content":{"rendered":"<span data-sheets-value=\"{&quot;1&quot;:2,&quot;2&quot;:&quot;La poes\u00eda es el modo m\u00e1s efectivo que he encontrado para expresar mis cuestionamientos en relaci\u00f3n con la naturaleza humana y mis sentimientos sobre el mundo. A trav\u00e9s de ella, puedo explorar mi condici\u00f3n de individuo en una realidad profundamente compleja y alienante, pero tambi\u00e9n lo que comparto con los otros, el dolor inherente a la existencia, y los miedos propios y colectivos. El proceso de escritura me da espacio para diseccionar mis procesos internos y hacer catarsis.\\nLa fotograf\u00eda, por su parte, es la expresi\u00f3n de mi percepci\u00f3n de la realidad en t\u00e9rminos visuales. No suelo construir las im\u00e1genes de manera artificial, sino desautomatizar mi experiencia visual, producir a partir de lo que ya est\u00e1 ah\u00ed, transformarlo en algo diferente a trav\u00e9s el propio acto fotogr\u00e1fico. Mi trabajo siempre ha sido muy variado en tema y estilo, pero elementos como la segmentaci\u00f3n y la recontextualizaci\u00f3n de las formas est\u00e1n bastante presentes. M\u00e1s que trabajar con conceptos espec\u00edficos, me interesa transmitir estados de \u00e1nimo y generar una experiencia est\u00e9tica interesante. \\nPara ambas formas art\u00edsticas, se trata de un proceso bastante instintivo. En el caso de la poes\u00eda, funciona por est\u00edmulos que conectan directamente con mi sensibilidad po\u00e9tica. En el caso de la fotograf\u00eda, basta con conocer un espacio, cuerpo u objeto para que las im\u00e1genes se proyecten en mi cabeza. Tras ese est\u00edmulo inicial, todo cuanto queda es la ejecuci\u00f3n: escribir el poema o tomar la foto. &quot;}\" data-sheets-userformat=\"{&quot;2&quot;:12476,&quot;5&quot;:{&quot;1&quot;:[{&quot;1&quot;:2,&quot;2&quot;:0,&quot;5&quot;:{&quot;1&quot;:2,&quot;2&quot;:0}},{&quot;1&quot;:0,&quot;2&quot;:0,&quot;3&quot;:3},{&quot;1&quot;:1,&quot;2&quot;:0,&quot;4&quot;:1}]},&quot;6&quot;:{&quot;1&quot;:[{&quot;1&quot;:2,&quot;2&quot;:0,&quot;5&quot;:{&quot;1&quot;:2,&quot;2&quot;:0}},{&quot;1&quot;:0,&quot;2&quot;:0,&quot;3&quot;:3},{&quot;1&quot;:1,&quot;2&quot;:0,&quot;4&quot;:1}]},&quot;7&quot;:{&quot;1&quot;:[{&quot;1&quot;:2,&quot;2&quot;:0,&quot;5&quot;:{&quot;1&quot;:2,&quot;2&quot;:0}},{&quot;1&quot;:0,&quot;2&quot;:0,&quot;3&quot;:3},{&quot;1&quot;:1,&quot;2&quot;:0,&quot;4&quot;:1}]},&quot;8&quot;:{&quot;1&quot;:[{&quot;1&quot;:2,&quot;2&quot;:0,&quot;5&quot;:{&quot;1&quot;:2,&quot;2&quot;:0}},{&quot;1&quot;:0,&quot;2&quot;:0,&quot;3&quot;:3},{&quot;1&quot;:1,&quot;2&quot;:0,&quot;4&quot;:1}]},&quot;10&quot;:2,&quot;15&quot;:&quot;Times New Roman&quot;,&quot;16&quot;:11}\"><img decoding=\"async\" loading=\"lazy\" class=\"size-medium wp-image-6974 aligncenter\" src=\"http:\/\/canserrat.org\/wp-content\/uploads\/2022\/05\/4AC5A229-569F-4B85-AC70-429C4A10B32E-Maria-Karla-Perez-300x200.jpeg\" alt=\"\" width=\"300\" height=\"200\" srcset=\"https:\/\/canserrat.org\/wp-content\/uploads\/2022\/05\/4AC5A229-569F-4B85-AC70-429C4A10B32E-Maria-Karla-Perez-300x200.jpeg 300w, https:\/\/canserrat.org\/wp-content\/uploads\/2022\/05\/4AC5A229-569F-4B85-AC70-429C4A10B32E-Maria-Karla-Perez-1024x683.jpeg 1024w, https:\/\/canserrat.org\/wp-content\/uploads\/2022\/05\/4AC5A229-569F-4B85-AC70-429C4A10B32E-Maria-Karla-Perez-1200x800.jpeg 1200w, https:\/\/canserrat.org\/wp-content\/uploads\/2022\/05\/4AC5A229-569F-4B85-AC70-429C4A10B32E-Maria-Karla-Perez-600x400.jpeg 600w\" sizes=\"(max-width: 300px) 100vw, 300px\" \/><\/span><\/p>\n<p>&nbsp;<\/p>\n<p>La poesia \u00e9s la manera m\u00e9s efectiva que ha trobat per a expressar els seus q\u00fcestionaments en relaci\u00f3 amb la naturalesa humana i els seus sentiments sobre el m\u00f3n. A trav\u00e9s d&#8217;ella, pot explorar la seva condici\u00f3 d&#8217;individu en una realitat profundament complexa i alienadora, per\u00f2 tamb\u00e9 el que comparteix amb els altres, el dolor inherent a l&#8217;exist\u00e8ncia, i les pr\u00f2pies pors i col\u00b7lectius. El proc\u00e9s d&#8217;escriptura li dona espai per a disseccionar els seus processos interns i fer catarsis.<\/p>\n<p>La fotografia, per part seva, \u00e9s l&#8217;expressi\u00f3 de la seva percepci\u00f3 de la realitat en termes visuals. No sol construir les imatges de manera artificial, sin\u00f3 desautomatizar la seva experi\u00e8ncia visual, produir a partir del que ja \u00e9s aqu\u00ed, transformar-ho en una cosa diferent a trav\u00e9s del propi acte fotogr\u00e0fic. El seu treball sempre ha estat molt variat en tema i estil, per\u00f2 elements com la segmentaci\u00f3 i la recontextualitzaci\u00f3 de les formes estan bastant presents. M\u00e9s que treballar amb conceptes espec\u00edfics, l&#8217;interessa transmetre estats d&#8217;\u00e0nim i generar una experi\u00e8ncia est\u00e8tica interessant.<br \/>\nPer a totes dues formes art\u00edstiques, es tracta d&#8217;un proc\u00e9s bastant instintiu. En el cas de la poesia, funciona per est\u00edmuls que connecten directament amb la seva sensibilitat po\u00e8tica. En el cas de la fotografia, n&#8217;hi ha prou amb con\u00e8ixer un espai, cos o objecte perqu\u00e8 les imatges es projectin al seu cap. Despr\u00e9s d&#8217;aquest est\u00edmul inicial, tot quant queda \u00e9s l&#8217;execuci\u00f3: escriure el poema o prendre la foto.<\/p>\n<p>Maria fa la seva resid\u00e8ncia a Can Serrat durant el mes de Juny de 2022.","protected":false},"excerpt":{"rendered":"<p>&nbsp; La poesia \u00e9s la manera m\u00e9s efectiva que ha trobat per a expressar els seus q\u00fcestionaments en relaci\u00f3 amb la naturalesa humana i els seus sentiments sobre el m\u00f3n. A trav\u00e9s d&#8217;ella, pot explorar la seva condici\u00f3 d&#8217;individu en &hellip; <a href=\"https:\/\/canserrat.org\/ca\/maria-karla-perez\">Continued<\/a><\/p>\n","protected":false},"author":4,"featured_media":6974,"comment_status":"closed","ping_status":"closed","sticky":false,"template":"","format":"standard","meta":{"_monsterinsights_skip_tracking":false,"_monsterinsights_sitenote_active":false,"_monsterinsights_sitenote_note":"","_monsterinsights_sitenote_category":0,"footnotes":""},"categories":[22,10,11],"tags":[],"_links":{"self":[{"href":"https:\/\/canserrat.org\/ca\/wp-json\/wp\/v2\/posts\/6973"}],"collection":[{"href":"https:\/\/canserrat.org\/ca\/wp-json\/wp\/v2\/posts"}],"about":[{"href":"https:\/\/canserrat.org\/ca\/wp-json\/wp\/v2\/types\/post"}],"author":[{"embeddable":true,"href":"https:\/\/canserrat.org\/ca\/wp-json\/wp\/v2\/users\/4"}],"replies":[{"embeddable":true,"href":"https:\/\/canserrat.org\/ca\/wp-json\/wp\/v2\/comments?post=6973"}],"version-history":[{"count":2,"href":"https:\/\/canserrat.org\/ca\/wp-json\/wp\/v2\/posts\/6973\/revisions"}],"predecessor-version":[{"id":6976,"href":"https:\/\/canserrat.org\/ca\/wp-json\/wp\/v2\/posts\/6973\/revisions\/6976"}],"wp:featuredmedia":[{"embeddable":true,"href":"https:\/\/canserrat.org\/ca\/wp-json\/wp\/v2\/media\/6974"}],"wp:attachment":[{"href":"https:\/\/canserrat.org\/ca\/wp-json\/wp\/v2\/media?parent=6973"}],"wp:term":[{"taxonomy":"category","embeddable":true,"href":"https:\/\/canserrat.org\/ca\/wp-json\/wp\/v2\/categories?post=6973"},{"taxonomy":"post_tag","embeddable":true,"href":"https:\/\/canserrat.org\/ca\/wp-json\/wp\/v2\/tags?post=6973"}],"curies":[{"name":"wp","href":"https:\/\/api.w.org\/{rel}","templated":true}]}}