{"id":6889,"date":"2022-04-28T14:30:05","date_gmt":"2022-04-28T14:30:05","guid":{"rendered":"http:\/\/canserrat.org\/?p=6889"},"modified":"2022-10-05T10:53:43","modified_gmt":"2022-10-05T10:53:43","slug":"edo-garcia","status":"publish","type":"post","link":"https:\/\/canserrat.org\/ca\/edo-garcia","title":{"rendered":"Edo Garc\u00eda"},"content":{"rendered":"<div>\n<p><img decoding=\"async\" loading=\"lazy\" class=\"size-medium wp-image-6890 aligncenter\" src=\"http:\/\/canserrat.org\/wp-content\/uploads\/2022\/04\/Edo_foto22--225x300.jpeg\" alt=\"\" width=\"225\" height=\"300\" srcset=\"https:\/\/canserrat.org\/wp-content\/uploads\/2022\/04\/Edo_foto22--225x300.jpeg 225w, https:\/\/canserrat.org\/wp-content\/uploads\/2022\/04\/Edo_foto22--768x1024.jpeg 768w, https:\/\/canserrat.org\/wp-content\/uploads\/2022\/04\/Edo_foto22--600x800.jpeg 600w, https:\/\/canserrat.org\/wp-content\/uploads\/2022\/04\/Edo_foto22--300x400.jpeg 300w, https:\/\/canserrat.org\/wp-content\/uploads\/2022\/04\/Edo_foto22-.jpeg 1125w\" sizes=\"(max-width: 225px) 100vw, 225px\" \/><\/p>\n<\/div>\n<div><\/div>\n<div><\/div>\n<div>Edo Garc\u00eda (Santiago de Chile, 1984)<\/div>\n<div>\n<p>Artista visual, realitzador cinematogr\u00e0fic i fot\u00f2graf. A trav\u00e9s dels seus treballs q\u00fcestiona tem\u00e0tiques sobre la llibertat, la por, l&#8217;identitat i el capitalisme. Actualment els seus camps de pr\u00e0ctica art\u00edstica s\u00f3n l&#8217;apropiaci\u00f3 d&#8217;imatges d&#8217;internet i l&#8217;\u00fas del text com a format expositiu.<\/p>\n<p>Recentment ha exposat el Muxart, espai d&#8217;Art a Martorell i en el Centre Octubre de Val\u00e8ncia en el marc de la Biennal d&#8217;Art CVO.<br \/>\nAquest any estar\u00e0 treballant com a resident a Can Serrat en el desenvolupament del projecte &#8220;Preguntas sobre el miedo&#8221;.\u00a0<a href=\"http:\/\/cargocollective.com\/edogarcia\/Preguntas-sobre-el-miedo\" target=\"_blank\" rel=\"noopener noreferrer\" data-saferedirecturl=\"https:\/\/www.google.com\/url?q=http:\/\/cargocollective.com\/edogarcia\/Preguntas-sobre-el-miedo&amp;source=gmail&amp;ust=1651218493875000&amp;usg=AOvVaw2gri8Z1eeVyIengTqb2KI-\">cargocollective.com\/edogarcia\/<wbr \/>Preguntas-sobre-el-miedo<\/a><\/p>\n<\/div>\n<div><\/div>\n<div>\n<p>Lloc web del seu treball: <a href=\"http:\/\/cargocollective.com\/edogarcia\" target=\"_blank\" rel=\"noopener noreferrer\" data-saferedirecturl=\"https:\/\/www.google.com\/url?q=http:\/\/cargocollective.com\/edogarcia&amp;source=gmail&amp;ust=1651218493875000&amp;usg=AOvVaw2E_aycQbh7-406nOfXk4d1\">cargocollective.com\/<wbr \/>edogarcia<\/a><\/p>\n<div>Instagram\u00a0@edo_garcia<\/div>\n<\/div>","protected":false},"excerpt":{"rendered":"<p>Edo Garc\u00eda (Santiago de Chile, 1984) Artista visual, realitzador cinematogr\u00e0fic i fot\u00f2graf. A trav\u00e9s dels seus treballs q\u00fcestiona tem\u00e0tiques sobre la llibertat, la por, l&#8217;identitat i el capitalisme. Actualment els seus camps de pr\u00e0ctica art\u00edstica s\u00f3n l&#8217;apropiaci\u00f3 d&#8217;imatges d&#8217;internet i &hellip; <a href=\"https:\/\/canserrat.org\/ca\/edo-garcia\">Continued<\/a><\/p>\n","protected":false},"author":4,"featured_media":6890,"comment_status":"closed","ping_status":"closed","sticky":false,"template":"","format":"standard","meta":{"_monsterinsights_skip_tracking":false,"_monsterinsights_sitenote_active":false,"_monsterinsights_sitenote_note":"","_monsterinsights_sitenote_category":0,"footnotes":""},"categories":[1,22,10,11],"tags":[],"_links":{"self":[{"href":"https:\/\/canserrat.org\/ca\/wp-json\/wp\/v2\/posts\/6889"}],"collection":[{"href":"https:\/\/canserrat.org\/ca\/wp-json\/wp\/v2\/posts"}],"about":[{"href":"https:\/\/canserrat.org\/ca\/wp-json\/wp\/v2\/types\/post"}],"author":[{"embeddable":true,"href":"https:\/\/canserrat.org\/ca\/wp-json\/wp\/v2\/users\/4"}],"replies":[{"embeddable":true,"href":"https:\/\/canserrat.org\/ca\/wp-json\/wp\/v2\/comments?post=6889"}],"version-history":[{"count":2,"href":"https:\/\/canserrat.org\/ca\/wp-json\/wp\/v2\/posts\/6889\/revisions"}],"predecessor-version":[{"id":6892,"href":"https:\/\/canserrat.org\/ca\/wp-json\/wp\/v2\/posts\/6889\/revisions\/6892"}],"wp:featuredmedia":[{"embeddable":true,"href":"https:\/\/canserrat.org\/ca\/wp-json\/wp\/v2\/media\/6890"}],"wp:attachment":[{"href":"https:\/\/canserrat.org\/ca\/wp-json\/wp\/v2\/media?parent=6889"}],"wp:term":[{"taxonomy":"category","embeddable":true,"href":"https:\/\/canserrat.org\/ca\/wp-json\/wp\/v2\/categories?post=6889"},{"taxonomy":"post_tag","embeddable":true,"href":"https:\/\/canserrat.org\/ca\/wp-json\/wp\/v2\/tags?post=6889"}],"curies":[{"name":"wp","href":"https:\/\/api.w.org\/{rel}","templated":true}]}}